{"id":11164,"date":"2025-02-02T14:35:56","date_gmt":"2025-02-02T13:35:56","guid":{"rendered":"https:\/\/wgphoto.pl\/t\/?p=11164"},"modified":"2025-02-02T19:32:23","modified_gmt":"2025-02-02T18:32:23","slug":"korenov","status":"publish","type":"post","link":"http:\/\/wgphoto.pl\/t\/?p=11164","title":{"rendered":"Ko\u0159enov"},"content":{"rendered":"\n<figure class=\"wp-block-image aligncenter size-full\"><img loading=\"lazy\" decoding=\"async\" width=\"1400\" height=\"927\" src=\"https:\/\/wgphoto.pl\/t\/wp-content\/uploads\/2025\/02\/IMGP5219.jpg\" alt=\"\" class=\"wp-image-11260\" srcset=\"http:\/\/wgphoto.pl\/t\/wp-content\/uploads\/2025\/02\/IMGP5219.jpg 1400w, http:\/\/wgphoto.pl\/t\/wp-content\/uploads\/2025\/02\/IMGP5219-300x199.jpg 300w, http:\/\/wgphoto.pl\/t\/wp-content\/uploads\/2025\/02\/IMGP5219-768x509.jpg 768w\" sizes=\"auto, (max-width: 1400px) 100vw, 1400px\" \/><\/figure>\n\n\n\n<div class=\"wp-block-group has-global-padding is-layout-constrained wp-block-group-is-layout-constrained\">\n<p>Osobowy 2662 relacji Harrachov &#8211; Liberec i budynek miejscowego dworca w ca\u0142ej okaza\u0142o\u015bci. 12.05.2016<\/p>\n<\/div>\n","protected":false},"excerpt":{"rendered":"<p>Osobowy 2662 relacji Harrachov &#8211; Liberec i budynek miejscowego dworca w ca\u0142ej okaza\u0142o\u015bci. 12.05.2016<\/p>\n","protected":false},"author":1,"featured_media":11260,"comment_status":"open","ping_status":"","sticky":false,"template":"","format":"standard","meta":{"footnotes":""},"categories":[2,125],"tags":[662,1601,50,49,2849,196,1599,936],"class_list":["post-11164","post","type-post","status-publish","format-standard","has-post-thumbnail","hentry","category-kolej","category-rok-2016","tag-2016-05-12","tag-1601","tag-cd","tag-czechy","tag-korenov","tag-linie-raczej-lokalne","tag-stadler-regio-shuttle","tag-tab-cz036"],"_links":{"self":[{"href":"http:\/\/wgphoto.pl\/t\/index.php?rest_route=\/wp\/v2\/posts\/11164","targetHints":{"allow":["GET"]}}],"collection":[{"href":"http:\/\/wgphoto.pl\/t\/index.php?rest_route=\/wp\/v2\/posts"}],"about":[{"href":"http:\/\/wgphoto.pl\/t\/index.php?rest_route=\/wp\/v2\/types\/post"}],"author":[{"embeddable":true,"href":"http:\/\/wgphoto.pl\/t\/index.php?rest_route=\/wp\/v2\/users\/1"}],"replies":[{"embeddable":true,"href":"http:\/\/wgphoto.pl\/t\/index.php?rest_route=%2Fwp%2Fv2%2Fcomments&post=11164"}],"version-history":[{"count":2,"href":"http:\/\/wgphoto.pl\/t\/index.php?rest_route=\/wp\/v2\/posts\/11164\/revisions"}],"predecessor-version":[{"id":11261,"href":"http:\/\/wgphoto.pl\/t\/index.php?rest_route=\/wp\/v2\/posts\/11164\/revisions\/11261"}],"wp:featuredmedia":[{"embeddable":true,"href":"http:\/\/wgphoto.pl\/t\/index.php?rest_route=\/wp\/v2\/media\/11260"}],"wp:attachment":[{"href":"http:\/\/wgphoto.pl\/t\/index.php?rest_route=%2Fwp%2Fv2%2Fmedia&parent=11164"}],"wp:term":[{"taxonomy":"category","embeddable":true,"href":"http:\/\/wgphoto.pl\/t\/index.php?rest_route=%2Fwp%2Fv2%2Fcategories&post=11164"},{"taxonomy":"post_tag","embeddable":true,"href":"http:\/\/wgphoto.pl\/t\/index.php?rest_route=%2Fwp%2Fv2%2Ftags&post=11164"}],"curies":[{"name":"wp","href":"https:\/\/api.w.org\/{rel}","templated":true}]}}