{"id":11170,"date":"2025-02-02T14:38:53","date_gmt":"2025-02-02T13:38:53","guid":{"rendered":"https:\/\/wgphoto.pl\/t\/?p=11170"},"modified":"2025-02-02T14:38:53","modified_gmt":"2025-02-02T13:38:53","slug":"krzyzowanie-w-piechowicach","status":"publish","type":"post","link":"http:\/\/wgphoto.pl\/t\/?p=11170","title":{"rendered":"Krzy\u017cowanie w Piechowicach"},"content":{"rendered":"\n<figure class=\"wp-block-image aligncenter size-full\"><img loading=\"lazy\" decoding=\"async\" width=\"1200\" height=\"795\" src=\"https:\/\/wgphoto.pl\/t\/wp-content\/uploads\/2025\/02\/IMGP5240.jpg\" alt=\"\" class=\"wp-image-11171\" srcset=\"http:\/\/wgphoto.pl\/t\/wp-content\/uploads\/2025\/02\/IMGP5240.jpg 1200w, http:\/\/wgphoto.pl\/t\/wp-content\/uploads\/2025\/02\/IMGP5240-300x199.jpg 300w, http:\/\/wgphoto.pl\/t\/wp-content\/uploads\/2025\/02\/IMGP5240-768x509.jpg 768w\" sizes=\"auto, (max-width: 1200px) 100vw, 1200px\" \/><\/figure>\n\n\n\n<div class=\"wp-block-group has-global-padding is-layout-constrained wp-block-group-is-layout-constrained\">\n<p>Lepiej nie b\u0119dzie, bo samego jpg niechc\u0105cy zrobi\u0142em. :\/ I niech zgadn\u0119, \u017ce przy ewentualnej poprawce pojazdy ustawi\u0142yby si\u0119 nie tak jak trzeba albo \u015bwiat\u0142o nie by\u0142oby takie przyjemne, albo utkn\u0105\u0142bym tam na noc, wszak poci\u0105g do Wroc\u0142awia jest ostatnim w dobie. BTW ciekawe, czy z toru dodatkowego (tego bez kraw\u0119dzi peronowej), co go tak \u0142adnie odbudowano, kiedykolwiek cokolwiek skorzysta. 12.05.2016<\/p>\n<\/div>\n","protected":false},"excerpt":{"rendered":"<p>Lepiej nie b\u0119dzie, bo samego jpg niechc\u0105cy zrobi\u0142em. :\/ I niech zgadn\u0119, \u017ce przy ewentualnej poprawce pojazdy ustawi\u0142yby si\u0119 nie tak jak trzeba albo \u015bwiat\u0142o nie by\u0142oby takie przyjemne, albo utkn\u0105\u0142bym tam na noc, wszak poci\u0105g do Wroc\u0142awia jest ostatnim w dobie. BTW ciekawe, czy z toru dodatkowego (tego bez kraw\u0119dzi peronowej), co go tak [&hellip;]<\/p>\n","protected":false},"author":1,"featured_media":11171,"comment_status":"open","ping_status":"","sticky":false,"template":"","format":"standard","meta":{"footnotes":""},"categories":[2,125],"tags":[662,659,401,402,404,3090,27,200],"class_list":["post-11170","post","type-post","status-publish","format-standard","has-post-thumbnail","hentry","category-kolej","category-rok-2016","tag-2016-05-12","tag-31we","tag-36we","tag-kd","tag-newag-impuls","tag-piechowice","tag-polska","tag-tab-pl240"],"_links":{"self":[{"href":"http:\/\/wgphoto.pl\/t\/index.php?rest_route=\/wp\/v2\/posts\/11170","targetHints":{"allow":["GET"]}}],"collection":[{"href":"http:\/\/wgphoto.pl\/t\/index.php?rest_route=\/wp\/v2\/posts"}],"about":[{"href":"http:\/\/wgphoto.pl\/t\/index.php?rest_route=\/wp\/v2\/types\/post"}],"author":[{"embeddable":true,"href":"http:\/\/wgphoto.pl\/t\/index.php?rest_route=\/wp\/v2\/users\/1"}],"replies":[{"embeddable":true,"href":"http:\/\/wgphoto.pl\/t\/index.php?rest_route=%2Fwp%2Fv2%2Fcomments&post=11170"}],"version-history":[{"count":1,"href":"http:\/\/wgphoto.pl\/t\/index.php?rest_route=\/wp\/v2\/posts\/11170\/revisions"}],"predecessor-version":[{"id":11172,"href":"http:\/\/wgphoto.pl\/t\/index.php?rest_route=\/wp\/v2\/posts\/11170\/revisions\/11172"}],"wp:featuredmedia":[{"embeddable":true,"href":"http:\/\/wgphoto.pl\/t\/index.php?rest_route=\/wp\/v2\/media\/11171"}],"wp:attachment":[{"href":"http:\/\/wgphoto.pl\/t\/index.php?rest_route=%2Fwp%2Fv2%2Fmedia&parent=11170"}],"wp:term":[{"taxonomy":"category","embeddable":true,"href":"http:\/\/wgphoto.pl\/t\/index.php?rest_route=%2Fwp%2Fv2%2Fcategories&post=11170"},{"taxonomy":"post_tag","embeddable":true,"href":"http:\/\/wgphoto.pl\/t\/index.php?rest_route=%2Fwp%2Fv2%2Ftags&post=11170"}],"curies":[{"name":"wp","href":"https:\/\/api.w.org\/{rel}","templated":true}]}}