{"id":11176,"date":"2025-02-02T14:42:10","date_gmt":"2025-02-02T13:42:10","guid":{"rendered":"https:\/\/wgphoto.pl\/t\/?p=11176"},"modified":"2025-02-02T14:42:36","modified_gmt":"2025-02-02T13:42:36","slug":"rozowy-budynek-stacyjny-w-czerwonym-koscielcu","status":"publish","type":"post","link":"http:\/\/wgphoto.pl\/t\/?p=11176","title":{"rendered":"R\u00f3\u017cowy budynek stacyjny w Czerwonym Ko\u015bcielcu"},"content":{"rendered":"\n<figure class=\"wp-block-image aligncenter size-full\"><img loading=\"lazy\" decoding=\"async\" width=\"1200\" height=\"800\" src=\"https:\/\/wgphoto.pl\/t\/wp-content\/uploads\/2025\/02\/IMGP0087.jpg\" alt=\"\" class=\"wp-image-11177\" srcset=\"http:\/\/wgphoto.pl\/t\/wp-content\/uploads\/2025\/02\/IMGP0087.jpg 1200w, http:\/\/wgphoto.pl\/t\/wp-content\/uploads\/2025\/02\/IMGP0087-300x200.jpg 300w, http:\/\/wgphoto.pl\/t\/wp-content\/uploads\/2025\/02\/IMGP0087-768x512.jpg 768w\" sizes=\"auto, (max-width: 1200px) 100vw, 1200px\" \/><\/figure>\n\n\n\n<div class=\"wp-block-group has-global-padding is-layout-constrained wp-block-group-is-layout-constrained\">\n<p>Rychlik 854 &#8222;Cidlina&#8221; z Trutnova hl.n. do Prahy-Sm\u00edchova, prowadzony nurkiem 754.048, zatrzymuje si\u0119 na stacji w niespe\u0142na 9-tysi\u0119cznym mie\u015bcie \u010cerven\u00fd Kostelec, sk\u0105d zabierze poka\u017an\u0105 grup\u0119 podr\u00f3\u017cnych. 27.09.2009<\/p>\n<\/div>\n","protected":false},"excerpt":{"rendered":"<p>Rychlik 854 &#8222;Cidlina&#8221; z Trutnova hl.n. do Prahy-Sm\u00edchova, prowadzony nurkiem 754.048, zatrzymuje si\u0119 na stacji w niespe\u0142na 9-tysi\u0119cznym mie\u015bcie \u010cerven\u00fd Kostelec, sk\u0105d zabierze poka\u017an\u0105 grup\u0119 podr\u00f3\u017cnych. 27.09.2009<\/p>\n","protected":false},"author":1,"featured_media":11177,"comment_status":"open","ping_status":"","sticky":false,"template":"","format":"standard","meta":{"footnotes":""},"categories":[2,169],"tags":[2034,335,50,2035,49,151,1917],"class_list":["post-11176","post","type-post","status-publish","format-standard","has-post-thumbnail","hentry","category-kolej","category-rok-2009","tag-2009-09-27","tag-335","tag-cd","tag-cerveny-kostelec","tag-czechy","tag-ludzie","tag-tab-cz032"],"_links":{"self":[{"href":"http:\/\/wgphoto.pl\/t\/index.php?rest_route=\/wp\/v2\/posts\/11176","targetHints":{"allow":["GET"]}}],"collection":[{"href":"http:\/\/wgphoto.pl\/t\/index.php?rest_route=\/wp\/v2\/posts"}],"about":[{"href":"http:\/\/wgphoto.pl\/t\/index.php?rest_route=\/wp\/v2\/types\/post"}],"author":[{"embeddable":true,"href":"http:\/\/wgphoto.pl\/t\/index.php?rest_route=\/wp\/v2\/users\/1"}],"replies":[{"embeddable":true,"href":"http:\/\/wgphoto.pl\/t\/index.php?rest_route=%2Fwp%2Fv2%2Fcomments&post=11176"}],"version-history":[{"count":2,"href":"http:\/\/wgphoto.pl\/t\/index.php?rest_route=\/wp\/v2\/posts\/11176\/revisions"}],"predecessor-version":[{"id":11179,"href":"http:\/\/wgphoto.pl\/t\/index.php?rest_route=\/wp\/v2\/posts\/11176\/revisions\/11179"}],"wp:featuredmedia":[{"embeddable":true,"href":"http:\/\/wgphoto.pl\/t\/index.php?rest_route=\/wp\/v2\/media\/11177"}],"wp:attachment":[{"href":"http:\/\/wgphoto.pl\/t\/index.php?rest_route=%2Fwp%2Fv2%2Fmedia&parent=11176"}],"wp:term":[{"taxonomy":"category","embeddable":true,"href":"http:\/\/wgphoto.pl\/t\/index.php?rest_route=%2Fwp%2Fv2%2Fcategories&post=11176"},{"taxonomy":"post_tag","embeddable":true,"href":"http:\/\/wgphoto.pl\/t\/index.php?rest_route=%2Fwp%2Fv2%2Ftags&post=11176"}],"curies":[{"name":"wp","href":"https:\/\/api.w.org\/{rel}","templated":true}]}}