{"id":11242,"date":"2025-02-02T17:25:40","date_gmt":"2025-02-02T16:25:40","guid":{"rendered":"https:\/\/wgphoto.pl\/t\/?p=11242"},"modified":"2025-02-02T17:25:40","modified_gmt":"2025-02-02T16:25:40","slug":"wschod-na-dworcu-zachodnim","status":"publish","type":"post","link":"http:\/\/wgphoto.pl\/t\/?p=11242","title":{"rendered":"Wsch\u00f3d na dworcu zachodnim"},"content":{"rendered":"\n<figure class=\"wp-block-image aligncenter size-full\"><img loading=\"lazy\" decoding=\"async\" width=\"1200\" height=\"795\" src=\"https:\/\/wgphoto.pl\/t\/wp-content\/uploads\/2025\/02\/IMGP6776.jpg\" alt=\"\" class=\"wp-image-11243\" srcset=\"http:\/\/wgphoto.pl\/t\/wp-content\/uploads\/2025\/02\/IMGP6776.jpg 1200w, http:\/\/wgphoto.pl\/t\/wp-content\/uploads\/2025\/02\/IMGP6776-300x199.jpg 300w, http:\/\/wgphoto.pl\/t\/wp-content\/uploads\/2025\/02\/IMGP6776-768x509.jpg 768w\" sizes=\"auto, (max-width: 1200px) 100vw, 1200px\" \/><\/figure>\n\n\n\n<div class=\"wp-block-group has-global-padding is-layout-constrained wp-block-group-is-layout-constrained\">\n<p>Bli\u017cej nieokre\u015blony ekspres regionalny oczekuje o \u015bwicie pory odjazdu ze stacji Wien Westbahnhof. A ja za chwil\u0119 wsi\u0105d\u0119 w IC do Innsbrucku i pojad\u0119 foci\u0107 czerwone Bombardiery. \ud83d\ude09 18.08.2014<\/p>\n<\/div>\n","protected":false},"excerpt":{"rendered":"<p>Bli\u017cej nieokre\u015blony ekspres regionalny oczekuje o \u015bwicie pory odjazdu ze stacji Wien Westbahnhof. A ja za chwil\u0119 wsi\u0105d\u0119 w IC do Innsbrucku i pojad\u0119 foci\u0107 czerwone Bombardiery. \ud83d\ude09 18.08.2014<\/p>\n","protected":false},"author":1,"featured_media":11243,"comment_status":"open","ping_status":"","sticky":false,"template":"","format":"standard","meta":{"footnotes":""},"categories":[2,48],"tags":[2825,243,9,11,24,176,97,579],"class_list":["post-11242","post","type-post","status-publish","format-standard","has-post-thumbnail","hentry","category-kolej","category-rok-2014","tag-2825","tag-2014-08-18","tag-austria","tag-obb","tag-perony","tag-rano","tag-wieden","tag-wien-westbahnhof"],"_links":{"self":[{"href":"http:\/\/wgphoto.pl\/t\/index.php?rest_route=\/wp\/v2\/posts\/11242","targetHints":{"allow":["GET"]}}],"collection":[{"href":"http:\/\/wgphoto.pl\/t\/index.php?rest_route=\/wp\/v2\/posts"}],"about":[{"href":"http:\/\/wgphoto.pl\/t\/index.php?rest_route=\/wp\/v2\/types\/post"}],"author":[{"embeddable":true,"href":"http:\/\/wgphoto.pl\/t\/index.php?rest_route=\/wp\/v2\/users\/1"}],"replies":[{"embeddable":true,"href":"http:\/\/wgphoto.pl\/t\/index.php?rest_route=%2Fwp%2Fv2%2Fcomments&post=11242"}],"version-history":[{"count":1,"href":"http:\/\/wgphoto.pl\/t\/index.php?rest_route=\/wp\/v2\/posts\/11242\/revisions"}],"predecessor-version":[{"id":11244,"href":"http:\/\/wgphoto.pl\/t\/index.php?rest_route=\/wp\/v2\/posts\/11242\/revisions\/11244"}],"wp:featuredmedia":[{"embeddable":true,"href":"http:\/\/wgphoto.pl\/t\/index.php?rest_route=\/wp\/v2\/media\/11243"}],"wp:attachment":[{"href":"http:\/\/wgphoto.pl\/t\/index.php?rest_route=%2Fwp%2Fv2%2Fmedia&parent=11242"}],"wp:term":[{"taxonomy":"category","embeddable":true,"href":"http:\/\/wgphoto.pl\/t\/index.php?rest_route=%2Fwp%2Fv2%2Fcategories&post=11242"},{"taxonomy":"post_tag","embeddable":true,"href":"http:\/\/wgphoto.pl\/t\/index.php?rest_route=%2Fwp%2Fv2%2Ftags&post=11242"}],"curies":[{"name":"wp","href":"https:\/\/api.w.org\/{rel}","templated":true}]}}