{"id":11283,"date":"2025-02-03T19:07:54","date_gmt":"2025-02-03T18:07:54","guid":{"rendered":"https:\/\/wgphoto.pl\/t\/?p=11283"},"modified":"2025-02-03T19:07:54","modified_gmt":"2025-02-03T18:07:54","slug":"osterskar-1","status":"publish","type":"post","link":"http:\/\/wgphoto.pl\/t\/?p=11283","title":{"rendered":"\u00d6stersk\u00e4r (1)"},"content":{"rendered":"\n<figure class=\"wp-block-image aligncenter size-full\"><img loading=\"lazy\" decoding=\"async\" width=\"1050\" height=\"700\" src=\"https:\/\/wgphoto.pl\/t\/wp-content\/uploads\/2025\/02\/IMGP5823-1.jpg\" alt=\"\" class=\"wp-image-11284\" srcset=\"http:\/\/wgphoto.pl\/t\/wp-content\/uploads\/2025\/02\/IMGP5823-1.jpg 1050w, http:\/\/wgphoto.pl\/t\/wp-content\/uploads\/2025\/02\/IMGP5823-1-300x200.jpg 300w, http:\/\/wgphoto.pl\/t\/wp-content\/uploads\/2025\/02\/IMGP5823-1-768x512.jpg 768w\" sizes=\"auto, (max-width: 1050px) 100vw, 1050px\" \/><\/figure>\n\n\n\n<div class=\"wp-block-group has-global-padding is-layout-constrained wp-block-group-is-layout-constrained\">\n<p>Ko\u0144cowa stacja jednej z trzech linii tworz\u0105cych sie\u0107 podmiejskiej kolei Roslagsbanan, obs\u0142uguj\u0105cej p\u00f3\u0142nocno-wschodnie rejony aglomeracji sztokholmskiej. Kolej ta wyr\u00f3\u017cnia si\u0119 od pozosta\u0142ych &#8222;banan\u00f3w&#8221; rozstawem szyn, wynosz\u0105cym okr\u0105g\u0142e 891 milimetr\u00f3w. 08.12.2011<\/p>\n<\/div>\n","protected":false},"excerpt":{"rendered":"<p>Ko\u0144cowa stacja jednej z trzech linii tworz\u0105cych sie\u0107 podmiejskiej kolei Roslagsbanan, obs\u0142uguj\u0105cej p\u00f3\u0142nocno-wschodnie rejony aglomeracji sztokholmskiej. Kolej ta wyr\u00f3\u017cnia si\u0119 od pozosta\u0142ych &#8222;banan\u00f3w&#8221; rozstawem szyn, wynosz\u0105cym okr\u0105g\u0142e 891 milimetr\u00f3w. 08.12.2011<\/p>\n","protected":false},"author":1,"featured_media":11284,"comment_status":"open","ping_status":"","sticky":false,"template":"","format":"standard","meta":{"footnotes":""},"categories":[2,77],"tags":[1130,1374,94,3098,2296,682,686,685],"class_list":["post-11283","post","type-post","status-publish","format-standard","has-post-thumbnail","hentry","category-kolej","category-rok-2011","tag-2011-12-08","tag-kolej-podmiejska","tag-na-kolejowym-koncu-swiata","tag-osterskar","tag-roslagsbanan","tag-sl-stockholm","tag-sztokholm","tag-szwecja"],"_links":{"self":[{"href":"http:\/\/wgphoto.pl\/t\/index.php?rest_route=\/wp\/v2\/posts\/11283","targetHints":{"allow":["GET"]}}],"collection":[{"href":"http:\/\/wgphoto.pl\/t\/index.php?rest_route=\/wp\/v2\/posts"}],"about":[{"href":"http:\/\/wgphoto.pl\/t\/index.php?rest_route=\/wp\/v2\/types\/post"}],"author":[{"embeddable":true,"href":"http:\/\/wgphoto.pl\/t\/index.php?rest_route=\/wp\/v2\/users\/1"}],"replies":[{"embeddable":true,"href":"http:\/\/wgphoto.pl\/t\/index.php?rest_route=%2Fwp%2Fv2%2Fcomments&post=11283"}],"version-history":[{"count":1,"href":"http:\/\/wgphoto.pl\/t\/index.php?rest_route=\/wp\/v2\/posts\/11283\/revisions"}],"predecessor-version":[{"id":11285,"href":"http:\/\/wgphoto.pl\/t\/index.php?rest_route=\/wp\/v2\/posts\/11283\/revisions\/11285"}],"wp:featuredmedia":[{"embeddable":true,"href":"http:\/\/wgphoto.pl\/t\/index.php?rest_route=\/wp\/v2\/media\/11284"}],"wp:attachment":[{"href":"http:\/\/wgphoto.pl\/t\/index.php?rest_route=%2Fwp%2Fv2%2Fmedia&parent=11283"}],"wp:term":[{"taxonomy":"category","embeddable":true,"href":"http:\/\/wgphoto.pl\/t\/index.php?rest_route=%2Fwp%2Fv2%2Fcategories&post=11283"},{"taxonomy":"post_tag","embeddable":true,"href":"http:\/\/wgphoto.pl\/t\/index.php?rest_route=%2Fwp%2Fv2%2Ftags&post=11283"}],"curies":[{"name":"wp","href":"https:\/\/api.w.org\/{rel}","templated":true}]}}