{"id":11301,"date":"2025-02-03T19:13:32","date_gmt":"2025-02-03T18:13:32","guid":{"rendered":"https:\/\/wgphoto.pl\/t\/?p=11301"},"modified":"2025-02-03T19:13:32","modified_gmt":"2025-02-03T18:13:32","slug":"alvik-z-tunelem","status":"publish","type":"post","link":"http:\/\/wgphoto.pl\/t\/?p=11301","title":{"rendered":"Alvik z tunelem"},"content":{"rendered":"\n<figure class=\"wp-block-image aligncenter size-full\"><img loading=\"lazy\" decoding=\"async\" width=\"1050\" height=\"700\" src=\"https:\/\/wgphoto.pl\/t\/wp-content\/uploads\/2025\/02\/IMGP2721.jpg\" alt=\"\" class=\"wp-image-11302\" srcset=\"http:\/\/wgphoto.pl\/t\/wp-content\/uploads\/2025\/02\/IMGP2721.jpg 1050w, http:\/\/wgphoto.pl\/t\/wp-content\/uploads\/2025\/02\/IMGP2721-300x200.jpg 300w, http:\/\/wgphoto.pl\/t\/wp-content\/uploads\/2025\/02\/IMGP2721-768x512.jpg 768w\" sizes=\"auto, (max-width: 1050px) 100vw, 1050px\" \/><\/figure>\n\n\n\n<div class=\"wp-block-group has-global-padding is-layout-constrained wp-block-group-is-layout-constrained\">\n<p>Tramwaj linii 22, tudzie\u017c Tv\u00e4rbanan, zatrzymuje si\u0119 na ko\u0144cowym przystanku. 19.08.2011<\/p>\n<\/div>\n","protected":false},"excerpt":{"rendered":"<p>Tramwaj linii 22, tudzie\u017c Tv\u00e4rbanan, zatrzymuje si\u0119 na ko\u0144cowym przystanku. 19.08.2011<\/p>\n","protected":false},"author":1,"featured_media":11302,"comment_status":"open","ping_status":"","sticky":false,"template":"","format":"standard","meta":{"footnotes":""},"categories":[77,3],"tags":[1124,683,151,682,686,685,15,688],"class_list":["post-11301","post","type-post","status-publish","format-standard","has-post-thumbnail","hentry","category-rok-2011","category-tramwaj","tag-2011-08-19","tag-bombardier-flexity-swift","tag-ludzie","tag-sl-stockholm","tag-sztokholm","tag-szwecja","tag-tunel","tag-tvarbanan"],"_links":{"self":[{"href":"http:\/\/wgphoto.pl\/t\/index.php?rest_route=\/wp\/v2\/posts\/11301","targetHints":{"allow":["GET"]}}],"collection":[{"href":"http:\/\/wgphoto.pl\/t\/index.php?rest_route=\/wp\/v2\/posts"}],"about":[{"href":"http:\/\/wgphoto.pl\/t\/index.php?rest_route=\/wp\/v2\/types\/post"}],"author":[{"embeddable":true,"href":"http:\/\/wgphoto.pl\/t\/index.php?rest_route=\/wp\/v2\/users\/1"}],"replies":[{"embeddable":true,"href":"http:\/\/wgphoto.pl\/t\/index.php?rest_route=%2Fwp%2Fv2%2Fcomments&post=11301"}],"version-history":[{"count":1,"href":"http:\/\/wgphoto.pl\/t\/index.php?rest_route=\/wp\/v2\/posts\/11301\/revisions"}],"predecessor-version":[{"id":11303,"href":"http:\/\/wgphoto.pl\/t\/index.php?rest_route=\/wp\/v2\/posts\/11301\/revisions\/11303"}],"wp:featuredmedia":[{"embeddable":true,"href":"http:\/\/wgphoto.pl\/t\/index.php?rest_route=\/wp\/v2\/media\/11302"}],"wp:attachment":[{"href":"http:\/\/wgphoto.pl\/t\/index.php?rest_route=%2Fwp%2Fv2%2Fmedia&parent=11301"}],"wp:term":[{"taxonomy":"category","embeddable":true,"href":"http:\/\/wgphoto.pl\/t\/index.php?rest_route=%2Fwp%2Fv2%2Fcategories&post=11301"},{"taxonomy":"post_tag","embeddable":true,"href":"http:\/\/wgphoto.pl\/t\/index.php?rest_route=%2Fwp%2Fv2%2Ftags&post=11301"}],"curies":[{"name":"wp","href":"https:\/\/api.w.org\/{rel}","templated":true}]}}