{"id":11304,"date":"2025-02-03T19:14:25","date_gmt":"2025-02-03T18:14:25","guid":{"rendered":"https:\/\/wgphoto.pl\/t\/?p=11304"},"modified":"2025-02-03T19:14:25","modified_gmt":"2025-02-03T18:14:25","slug":"alvik-tor-5","status":"publish","type":"post","link":"http:\/\/wgphoto.pl\/t\/?p=11304","title":{"rendered":"Alvik, tor 5"},"content":{"rendered":"\n<figure class=\"wp-block-image aligncenter size-full\"><img loading=\"lazy\" decoding=\"async\" width=\"1050\" height=\"700\" src=\"https:\/\/wgphoto.pl\/t\/wp-content\/uploads\/2025\/02\/IMGP6259.jpg\" alt=\"\" class=\"wp-image-11305\" srcset=\"http:\/\/wgphoto.pl\/t\/wp-content\/uploads\/2025\/02\/IMGP6259.jpg 1050w, http:\/\/wgphoto.pl\/t\/wp-content\/uploads\/2025\/02\/IMGP6259-300x200.jpg 300w, http:\/\/wgphoto.pl\/t\/wp-content\/uploads\/2025\/02\/IMGP6259-768x512.jpg 768w\" sizes=\"auto, (max-width: 1050px) 100vw, 1050px\" \/><\/figure>\n\n\n\n<div class=\"wp-block-group has-global-padding is-layout-constrained wp-block-group-is-layout-constrained\">\n<p>Wagon z rodziny Bombardier Flexity Swift, eksploatowanej na sieciach z pogranicza szybkiego tramwaju i kolei miejskiej, oczekuje pory odjazdu tu\u017c przy zej\u015bciu z peron\u00f3w metra, kt\u00f3re kursuje widocznym wiaduktem. 09.12.2011<\/p>\n<\/div>\n","protected":false},"excerpt":{"rendered":"<p>Wagon z rodziny Bombardier Flexity Swift, eksploatowanej na sieciach z pogranicza szybkiego tramwaju i kolei miejskiej, oczekuje pory odjazdu tu\u017c przy zej\u015bciu z peron\u00f3w metra, kt\u00f3re kursuje widocznym wiaduktem. 09.12.2011<\/p>\n","protected":false},"author":1,"featured_media":11305,"comment_status":"open","ping_status":"","sticky":false,"template":"","format":"standard","meta":{"footnotes":""},"categories":[77,3],"tags":[718,683,154,24,682,686,685,688],"class_list":["post-11304","post","type-post","status-publish","format-standard","has-post-thumbnail","hentry","category-rok-2011","category-tramwaj","tag-2011-12-09","tag-bombardier-flexity-swift","tag-noc","tag-perony","tag-sl-stockholm","tag-sztokholm","tag-szwecja","tag-tvarbanan"],"_links":{"self":[{"href":"http:\/\/wgphoto.pl\/t\/index.php?rest_route=\/wp\/v2\/posts\/11304","targetHints":{"allow":["GET"]}}],"collection":[{"href":"http:\/\/wgphoto.pl\/t\/index.php?rest_route=\/wp\/v2\/posts"}],"about":[{"href":"http:\/\/wgphoto.pl\/t\/index.php?rest_route=\/wp\/v2\/types\/post"}],"author":[{"embeddable":true,"href":"http:\/\/wgphoto.pl\/t\/index.php?rest_route=\/wp\/v2\/users\/1"}],"replies":[{"embeddable":true,"href":"http:\/\/wgphoto.pl\/t\/index.php?rest_route=%2Fwp%2Fv2%2Fcomments&post=11304"}],"version-history":[{"count":1,"href":"http:\/\/wgphoto.pl\/t\/index.php?rest_route=\/wp\/v2\/posts\/11304\/revisions"}],"predecessor-version":[{"id":11306,"href":"http:\/\/wgphoto.pl\/t\/index.php?rest_route=\/wp\/v2\/posts\/11304\/revisions\/11306"}],"wp:featuredmedia":[{"embeddable":true,"href":"http:\/\/wgphoto.pl\/t\/index.php?rest_route=\/wp\/v2\/media\/11305"}],"wp:attachment":[{"href":"http:\/\/wgphoto.pl\/t\/index.php?rest_route=%2Fwp%2Fv2%2Fmedia&parent=11304"}],"wp:term":[{"taxonomy":"category","embeddable":true,"href":"http:\/\/wgphoto.pl\/t\/index.php?rest_route=%2Fwp%2Fv2%2Fcategories&post=11304"},{"taxonomy":"post_tag","embeddable":true,"href":"http:\/\/wgphoto.pl\/t\/index.php?rest_route=%2Fwp%2Fv2%2Ftags&post=11304"}],"curies":[{"name":"wp","href":"https:\/\/api.w.org\/{rel}","templated":true}]}}