{"id":11307,"date":"2025-02-03T19:15:16","date_gmt":"2025-02-03T18:15:16","guid":{"rendered":"https:\/\/wgphoto.pl\/t\/?p=11307"},"modified":"2025-02-03T19:15:16","modified_gmt":"2025-02-03T18:15:16","slug":"alvik-znad-tunelu","status":"publish","type":"post","link":"http:\/\/wgphoto.pl\/t\/?p=11307","title":{"rendered":"Alvik znad tunelu"},"content":{"rendered":"\n<figure class=\"wp-block-image aligncenter size-full\"><img loading=\"lazy\" decoding=\"async\" width=\"1050\" height=\"700\" src=\"https:\/\/wgphoto.pl\/t\/wp-content\/uploads\/2025\/02\/IMGP6258.jpg\" alt=\"\" class=\"wp-image-11308\" srcset=\"http:\/\/wgphoto.pl\/t\/wp-content\/uploads\/2025\/02\/IMGP6258.jpg 1050w, http:\/\/wgphoto.pl\/t\/wp-content\/uploads\/2025\/02\/IMGP6258-300x200.jpg 300w, http:\/\/wgphoto.pl\/t\/wp-content\/uploads\/2025\/02\/IMGP6258-768x512.jpg 768w\" sizes=\"auto, (max-width: 1050px) 100vw, 1050px\" \/><\/figure>\n\n\n\n<div class=\"wp-block-group has-global-padding is-layout-constrained wp-block-group-is-layout-constrained\">\n<p>Jeszcze jedno uj\u0119cie w\u0119z\u0142a Alvik, tym razem z g\u00f3ry. Jak tak teraz na nie patrz\u0119, a\u017c si\u0119 prosi o powt\u00f3rk\u0119 z &#8222;rozmazem&#8221; metra jad\u0105cego po wiadukcie. 09.12.2011<\/p>\n<\/div>\n","protected":false},"excerpt":{"rendered":"<p>Jeszcze jedno uj\u0119cie w\u0119z\u0142a Alvik, tym razem z g\u00f3ry. Jak tak teraz na nie patrz\u0119, a\u017c si\u0119 prosi o powt\u00f3rk\u0119 z &#8222;rozmazem&#8221; metra jad\u0105cego po wiadukcie. 09.12.2011<\/p>\n","protected":false},"author":1,"featured_media":11308,"comment_status":"open","ping_status":"","sticky":false,"template":"","format":"standard","meta":{"footnotes":""},"categories":[77,3],"tags":[718,683,154,682,686,685,688],"class_list":["post-11307","post","type-post","status-publish","format-standard","has-post-thumbnail","hentry","category-rok-2011","category-tramwaj","tag-2011-12-09","tag-bombardier-flexity-swift","tag-noc","tag-sl-stockholm","tag-sztokholm","tag-szwecja","tag-tvarbanan"],"_links":{"self":[{"href":"http:\/\/wgphoto.pl\/t\/index.php?rest_route=\/wp\/v2\/posts\/11307","targetHints":{"allow":["GET"]}}],"collection":[{"href":"http:\/\/wgphoto.pl\/t\/index.php?rest_route=\/wp\/v2\/posts"}],"about":[{"href":"http:\/\/wgphoto.pl\/t\/index.php?rest_route=\/wp\/v2\/types\/post"}],"author":[{"embeddable":true,"href":"http:\/\/wgphoto.pl\/t\/index.php?rest_route=\/wp\/v2\/users\/1"}],"replies":[{"embeddable":true,"href":"http:\/\/wgphoto.pl\/t\/index.php?rest_route=%2Fwp%2Fv2%2Fcomments&post=11307"}],"version-history":[{"count":1,"href":"http:\/\/wgphoto.pl\/t\/index.php?rest_route=\/wp\/v2\/posts\/11307\/revisions"}],"predecessor-version":[{"id":11309,"href":"http:\/\/wgphoto.pl\/t\/index.php?rest_route=\/wp\/v2\/posts\/11307\/revisions\/11309"}],"wp:featuredmedia":[{"embeddable":true,"href":"http:\/\/wgphoto.pl\/t\/index.php?rest_route=\/wp\/v2\/media\/11308"}],"wp:attachment":[{"href":"http:\/\/wgphoto.pl\/t\/index.php?rest_route=%2Fwp%2Fv2%2Fmedia&parent=11307"}],"wp:term":[{"taxonomy":"category","embeddable":true,"href":"http:\/\/wgphoto.pl\/t\/index.php?rest_route=%2Fwp%2Fv2%2Fcategories&post=11307"},{"taxonomy":"post_tag","embeddable":true,"href":"http:\/\/wgphoto.pl\/t\/index.php?rest_route=%2Fwp%2Fv2%2Ftags&post=11307"}],"curies":[{"name":"wp","href":"https:\/\/api.w.org\/{rel}","templated":true}]}}