{"id":11334,"date":"2025-02-03T19:28:04","date_gmt":"2025-02-03T18:28:04","guid":{"rendered":"https:\/\/wgphoto.pl\/t\/?p=11334"},"modified":"2025-02-03T19:28:04","modified_gmt":"2025-02-03T18:28:04","slug":"kaluza-2","status":"publish","type":"post","link":"http:\/\/wgphoto.pl\/t\/?p=11334","title":{"rendered":"Ka\u0142u\u017ca"},"content":{"rendered":"\n<figure class=\"wp-block-image aligncenter size-full\"><img loading=\"lazy\" decoding=\"async\" width=\"600\" height=\"900\" src=\"https:\/\/wgphoto.pl\/t\/wp-content\/uploads\/2025\/02\/IMGP9210.jpg\" alt=\"\" class=\"wp-image-11335\" srcset=\"http:\/\/wgphoto.pl\/t\/wp-content\/uploads\/2025\/02\/IMGP9210.jpg 600w, http:\/\/wgphoto.pl\/t\/wp-content\/uploads\/2025\/02\/IMGP9210-200x300.jpg 200w\" sizes=\"auto, (max-width: 600px) 100vw, 600px\" \/><\/figure>\n\n\n\n<div class=\"wp-block-group has-global-padding is-layout-constrained wp-block-group-is-layout-constrained\">\n<p>Zastoisko wodne tworz\u0105ce si\u0119 w miejscu postoju tramwaj\u00f3w na p\u0119tli Krzyki jest zasadniczo niefajne, bo chc\u0105c je omin\u0105\u0107 id\u0105c na punkt socjalny trzeba nad\u0142o\u017cy\u0107 kilka krok\u00f3w. Ca\u0142kiem sympatycznie mo\u017cna za to t\u0119 ka\u0142u\u017c\u0119 wykorzysta\u0107 na zdj\u0119ciu. 11.08.2012<\/p>\n<\/div>\n","protected":false},"excerpt":{"rendered":"<p>Zastoisko wodne tworz\u0105ce si\u0119 w miejscu postoju tramwaj\u00f3w na p\u0119tli Krzyki jest zasadniczo niefajne, bo chc\u0105c je omin\u0105\u0107 id\u0105c na punkt socjalny trzeba nad\u0142o\u017cy\u0107 kilka krok\u00f3w. Ca\u0142kiem sympatycznie mo\u017cna za to t\u0119 ka\u0142u\u017c\u0119 wykorzysta\u0107 na zdj\u0119ciu. 11.08.2012<\/p>\n","protected":false},"author":1,"featured_media":11335,"comment_status":"open","ping_status":"","sticky":false,"template":"","format":"standard","meta":{"footnotes":""},"categories":[128,46,3],"tags":[3102,13,395,42,27,176,215,216,439,41],"class_list":["post-11334","post","type-post","status-publish","format-standard","has-post-thumbnail","hentry","category-pionowe","category-rok-2012","category-tramwaj","tag-2012-08-11","tag-deszcz","tag-lustro","tag-mpk-wroclaw","tag-polska","tag-rano","tag-skoda-16t","tag-skoda-elektra","tag-we-fabryce","tag-wroclaw"],"_links":{"self":[{"href":"http:\/\/wgphoto.pl\/t\/index.php?rest_route=\/wp\/v2\/posts\/11334","targetHints":{"allow":["GET"]}}],"collection":[{"href":"http:\/\/wgphoto.pl\/t\/index.php?rest_route=\/wp\/v2\/posts"}],"about":[{"href":"http:\/\/wgphoto.pl\/t\/index.php?rest_route=\/wp\/v2\/types\/post"}],"author":[{"embeddable":true,"href":"http:\/\/wgphoto.pl\/t\/index.php?rest_route=\/wp\/v2\/users\/1"}],"replies":[{"embeddable":true,"href":"http:\/\/wgphoto.pl\/t\/index.php?rest_route=%2Fwp%2Fv2%2Fcomments&post=11334"}],"version-history":[{"count":1,"href":"http:\/\/wgphoto.pl\/t\/index.php?rest_route=\/wp\/v2\/posts\/11334\/revisions"}],"predecessor-version":[{"id":11336,"href":"http:\/\/wgphoto.pl\/t\/index.php?rest_route=\/wp\/v2\/posts\/11334\/revisions\/11336"}],"wp:featuredmedia":[{"embeddable":true,"href":"http:\/\/wgphoto.pl\/t\/index.php?rest_route=\/wp\/v2\/media\/11335"}],"wp:attachment":[{"href":"http:\/\/wgphoto.pl\/t\/index.php?rest_route=%2Fwp%2Fv2%2Fmedia&parent=11334"}],"wp:term":[{"taxonomy":"category","embeddable":true,"href":"http:\/\/wgphoto.pl\/t\/index.php?rest_route=%2Fwp%2Fv2%2Fcategories&post=11334"},{"taxonomy":"post_tag","embeddable":true,"href":"http:\/\/wgphoto.pl\/t\/index.php?rest_route=%2Fwp%2Fv2%2Ftags&post=11334"}],"curies":[{"name":"wp","href":"https:\/\/api.w.org\/{rel}","templated":true}]}}