{"id":11340,"date":"2025-02-03T21:10:39","date_gmt":"2025-02-03T20:10:39","guid":{"rendered":"https:\/\/wgphoto.pl\/t\/?p=11340"},"modified":"2025-02-03T21:10:39","modified_gmt":"2025-02-03T20:10:39","slug":"w-swietle-ksiezyca","status":"publish","type":"post","link":"http:\/\/wgphoto.pl\/t\/?p=11340","title":{"rendered":"W \u015bwietle ksi\u0119\u017cyca"},"content":{"rendered":"\n<figure class=\"wp-block-image aligncenter size-full\"><img loading=\"lazy\" decoding=\"async\" width=\"1050\" height=\"700\" src=\"https:\/\/wgphoto.pl\/t\/wp-content\/uploads\/2025\/02\/IMGP2607.jpg\" alt=\"\" class=\"wp-image-11341\" srcset=\"http:\/\/wgphoto.pl\/t\/wp-content\/uploads\/2025\/02\/IMGP2607.jpg 1050w, http:\/\/wgphoto.pl\/t\/wp-content\/uploads\/2025\/02\/IMGP2607-300x200.jpg 300w, http:\/\/wgphoto.pl\/t\/wp-content\/uploads\/2025\/02\/IMGP2607-768x512.jpg 768w\" sizes=\"auto, (max-width: 1050px) 100vw, 1050px\" \/><\/figure>\n\n\n\n<div class=\"wp-block-group has-global-padding is-layout-constrained wp-block-group-is-layout-constrained\">\n<p>W k\u0105ciku kasacyjnym zajezdni Borek sw\u00f3j \u017cywot ko\u0144czy stodw\u00f3jka 2059, za kt\u00f3rej pulpitem mia\u0142em przyjemno\u015b\u0107 sp\u0119dzi\u0107 d\u0142ugie godziny. Przez kilkana\u015bcie poprzednich miesi\u0119cy by\u0142 to jeden z trzech etatowych awaryjnych, bardzo dobry zawodnik. 10.08.2011<\/p>\n<\/div>\n","protected":false},"excerpt":{"rendered":"<p>W k\u0105ciku kasacyjnym zajezdni Borek sw\u00f3j \u017cywot ko\u0144czy stodw\u00f3jka 2059, za kt\u00f3rej pulpitem mia\u0142em przyjemno\u015b\u0107 sp\u0119dzi\u0107 d\u0142ugie godziny. Przez kilkana\u015bcie poprzednich miesi\u0119cy by\u0142 to jeden z trzech etatowych awaryjnych, bardzo dobry zawodnik. 10.08.2011<\/p>\n","protected":false},"author":1,"featured_media":11341,"comment_status":"open","ping_status":"","sticky":false,"template":"","format":"standard","meta":{"footnotes":""},"categories":[77,3],"tags":[3103,3104,309,2859,42,154,27,41,138],"class_list":["post-11340","post","type-post","status-publish","format-standard","has-post-thumbnail","hentry","category-rok-2011","category-tramwaj","tag-2011-08-10","tag-kasacja","tag-konstal-102na","tag-ksiezyc","tag-mpk-wroclaw","tag-noc","tag-polska","tag-wroclaw","tag-zajezdnia"],"_links":{"self":[{"href":"http:\/\/wgphoto.pl\/t\/index.php?rest_route=\/wp\/v2\/posts\/11340","targetHints":{"allow":["GET"]}}],"collection":[{"href":"http:\/\/wgphoto.pl\/t\/index.php?rest_route=\/wp\/v2\/posts"}],"about":[{"href":"http:\/\/wgphoto.pl\/t\/index.php?rest_route=\/wp\/v2\/types\/post"}],"author":[{"embeddable":true,"href":"http:\/\/wgphoto.pl\/t\/index.php?rest_route=\/wp\/v2\/users\/1"}],"replies":[{"embeddable":true,"href":"http:\/\/wgphoto.pl\/t\/index.php?rest_route=%2Fwp%2Fv2%2Fcomments&post=11340"}],"version-history":[{"count":1,"href":"http:\/\/wgphoto.pl\/t\/index.php?rest_route=\/wp\/v2\/posts\/11340\/revisions"}],"predecessor-version":[{"id":11342,"href":"http:\/\/wgphoto.pl\/t\/index.php?rest_route=\/wp\/v2\/posts\/11340\/revisions\/11342"}],"wp:featuredmedia":[{"embeddable":true,"href":"http:\/\/wgphoto.pl\/t\/index.php?rest_route=\/wp\/v2\/media\/11341"}],"wp:attachment":[{"href":"http:\/\/wgphoto.pl\/t\/index.php?rest_route=%2Fwp%2Fv2%2Fmedia&parent=11340"}],"wp:term":[{"taxonomy":"category","embeddable":true,"href":"http:\/\/wgphoto.pl\/t\/index.php?rest_route=%2Fwp%2Fv2%2Fcategories&post=11340"},{"taxonomy":"post_tag","embeddable":true,"href":"http:\/\/wgphoto.pl\/t\/index.php?rest_route=%2Fwp%2Fv2%2Ftags&post=11340"}],"curies":[{"name":"wp","href":"https:\/\/api.w.org\/{rel}","templated":true}]}}