{"id":11343,"date":"2025-02-03T21:12:04","date_gmt":"2025-02-03T20:12:04","guid":{"rendered":"https:\/\/wgphoto.pl\/t\/?p=11343"},"modified":"2025-02-03T21:12:04","modified_gmt":"2025-02-03T20:12:04","slug":"30","status":"publish","type":"post","link":"http:\/\/wgphoto.pl\/t\/?p=11343","title":{"rendered":"30"},"content":{"rendered":"\n<figure class=\"wp-block-image aligncenter size-full\"><img loading=\"lazy\" decoding=\"async\" width=\"1050\" height=\"700\" src=\"https:\/\/wgphoto.pl\/t\/wp-content\/uploads\/2025\/02\/0231-18.jpg\" alt=\"\" class=\"wp-image-11344\" srcset=\"http:\/\/wgphoto.pl\/t\/wp-content\/uploads\/2025\/02\/0231-18.jpg 1050w, http:\/\/wgphoto.pl\/t\/wp-content\/uploads\/2025\/02\/0231-18-300x200.jpg 300w, http:\/\/wgphoto.pl\/t\/wp-content\/uploads\/2025\/02\/0231-18-768x512.jpg 768w\" sizes=\"auto, (max-width: 1050px) 100vw, 1050px\" \/><\/figure>\n\n\n\n<div class=\"wp-block-group has-global-padding is-layout-constrained wp-block-group-is-layout-constrained\">\n<p>102Na 2073 jako nocna trzydziestka na Ksi\u0119\u017cu Ma\u0142ym. 31.12.2002<\/p>\n<\/div>\n","protected":false},"excerpt":{"rendered":"<p>102Na 2073 jako nocna trzydziestka na Ksi\u0119\u017cu Ma\u0142ym. 31.12.2002<\/p>\n","protected":false},"author":1,"featured_media":11344,"comment_status":"open","ping_status":"","sticky":false,"template":"","format":"standard","meta":{"footnotes":""},"categories":[62,577,3],"tags":[3076,309,42,154,27,44,41,846],"class_list":["post-11343","post","type-post","status-publish","format-standard","has-post-thumbnail","hentry","category-analog","category-rok-2002","category-tramwaj","tag-2002-12-31","tag-konstal-102na","tag-mpk-wroclaw","tag-noc","tag-polska","tag-snieg","tag-wroclaw","tag-wroclawskie-linie-nocne"],"_links":{"self":[{"href":"http:\/\/wgphoto.pl\/t\/index.php?rest_route=\/wp\/v2\/posts\/11343","targetHints":{"allow":["GET"]}}],"collection":[{"href":"http:\/\/wgphoto.pl\/t\/index.php?rest_route=\/wp\/v2\/posts"}],"about":[{"href":"http:\/\/wgphoto.pl\/t\/index.php?rest_route=\/wp\/v2\/types\/post"}],"author":[{"embeddable":true,"href":"http:\/\/wgphoto.pl\/t\/index.php?rest_route=\/wp\/v2\/users\/1"}],"replies":[{"embeddable":true,"href":"http:\/\/wgphoto.pl\/t\/index.php?rest_route=%2Fwp%2Fv2%2Fcomments&post=11343"}],"version-history":[{"count":1,"href":"http:\/\/wgphoto.pl\/t\/index.php?rest_route=\/wp\/v2\/posts\/11343\/revisions"}],"predecessor-version":[{"id":11345,"href":"http:\/\/wgphoto.pl\/t\/index.php?rest_route=\/wp\/v2\/posts\/11343\/revisions\/11345"}],"wp:featuredmedia":[{"embeddable":true,"href":"http:\/\/wgphoto.pl\/t\/index.php?rest_route=\/wp\/v2\/media\/11344"}],"wp:attachment":[{"href":"http:\/\/wgphoto.pl\/t\/index.php?rest_route=%2Fwp%2Fv2%2Fmedia&parent=11343"}],"wp:term":[{"taxonomy":"category","embeddable":true,"href":"http:\/\/wgphoto.pl\/t\/index.php?rest_route=%2Fwp%2Fv2%2Fcategories&post=11343"},{"taxonomy":"post_tag","embeddable":true,"href":"http:\/\/wgphoto.pl\/t\/index.php?rest_route=%2Fwp%2Fv2%2Ftags&post=11343"}],"curies":[{"name":"wp","href":"https:\/\/api.w.org\/{rel}","templated":true}]}}