{"id":11352,"date":"2025-02-03T21:16:56","date_gmt":"2025-02-03T20:16:56","guid":{"rendered":"https:\/\/wgphoto.pl\/t\/?p=11352"},"modified":"2025-02-03T21:16:56","modified_gmt":"2025-02-03T20:16:56","slug":"wozki-na-esce-pudlo-na-prostej","status":"publish","type":"post","link":"http:\/\/wgphoto.pl\/t\/?p=11352","title":{"rendered":"W\u00f3zki na esce, pud\u0142o na prostej"},"content":{"rendered":"\n<figure class=\"wp-block-image aligncenter size-full\"><img loading=\"lazy\" decoding=\"async\" width=\"600\" height=\"900\" src=\"https:\/\/wgphoto.pl\/t\/wp-content\/uploads\/2025\/02\/IMGP2407.jpg\" alt=\"\" class=\"wp-image-11353\" srcset=\"http:\/\/wgphoto.pl\/t\/wp-content\/uploads\/2025\/02\/IMGP2407.jpg 600w, http:\/\/wgphoto.pl\/t\/wp-content\/uploads\/2025\/02\/IMGP2407-200x300.jpg 200w\" sizes=\"auto, (max-width: 600px) 100vw, 600px\" \/><\/figure>\n\n\n\n<div class=\"wp-block-group has-global-padding is-layout-constrained wp-block-group-is-layout-constrained\">\n<p>Oslo, Jernbanetorget, SL79 129. Nad przydworcowym placem g\u00f3ruje taka oto wie\u017ca. W\u0142a\u015bciwie dopiero na zdj\u0119ciu zauwa\u017cy\u0142em schody w jej wn\u0119trzu &#8211; je\u015bli na szczycie znajduje si\u0119 taras widokowy, widoki mog\u0105 by\u0107 ciekawe. 25.07.2011<\/p>\n<\/div>\n","protected":false},"excerpt":{"rendered":"<p>Oslo, Jernbanetorget, SL79 129. Nad przydworcowym placem g\u00f3ruje taka oto wie\u017ca. W\u0142a\u015bciwie dopiero na zdj\u0119ciu zauwa\u017cy\u0142em schody w jej wn\u0119trzu &#8211; je\u015bli na szczycie znajduje si\u0119 taras widokowy, widoki mog\u0105 by\u0107 ciekawe. 25.07.2011<\/p>\n","protected":false},"author":1,"featured_media":11353,"comment_status":"open","ping_status":"","sticky":false,"template":"","format":"standard","meta":{"footnotes":""},"categories":[128,77,3],"tags":[1050,34,101,78,79,82,1033],"class_list":["post-11352","post","type-post","status-publish","format-standard","has-post-thumbnail","hentry","category-pionowe","category-rok-2011","category-tramwaj","tag-2011-07-25","tag-architektura","tag-gt6","tag-norwegia","tag-oslo","tag-oslotrikken","tag-sl79"],"_links":{"self":[{"href":"http:\/\/wgphoto.pl\/t\/index.php?rest_route=\/wp\/v2\/posts\/11352","targetHints":{"allow":["GET"]}}],"collection":[{"href":"http:\/\/wgphoto.pl\/t\/index.php?rest_route=\/wp\/v2\/posts"}],"about":[{"href":"http:\/\/wgphoto.pl\/t\/index.php?rest_route=\/wp\/v2\/types\/post"}],"author":[{"embeddable":true,"href":"http:\/\/wgphoto.pl\/t\/index.php?rest_route=\/wp\/v2\/users\/1"}],"replies":[{"embeddable":true,"href":"http:\/\/wgphoto.pl\/t\/index.php?rest_route=%2Fwp%2Fv2%2Fcomments&post=11352"}],"version-history":[{"count":1,"href":"http:\/\/wgphoto.pl\/t\/index.php?rest_route=\/wp\/v2\/posts\/11352\/revisions"}],"predecessor-version":[{"id":11354,"href":"http:\/\/wgphoto.pl\/t\/index.php?rest_route=\/wp\/v2\/posts\/11352\/revisions\/11354"}],"wp:featuredmedia":[{"embeddable":true,"href":"http:\/\/wgphoto.pl\/t\/index.php?rest_route=\/wp\/v2\/media\/11353"}],"wp:attachment":[{"href":"http:\/\/wgphoto.pl\/t\/index.php?rest_route=%2Fwp%2Fv2%2Fmedia&parent=11352"}],"wp:term":[{"taxonomy":"category","embeddable":true,"href":"http:\/\/wgphoto.pl\/t\/index.php?rest_route=%2Fwp%2Fv2%2Fcategories&post=11352"},{"taxonomy":"post_tag","embeddable":true,"href":"http:\/\/wgphoto.pl\/t\/index.php?rest_route=%2Fwp%2Fv2%2Ftags&post=11352"}],"curies":[{"name":"wp","href":"https:\/\/api.w.org\/{rel}","templated":true}]}}