{"id":11377,"date":"2025-02-03T21:25:08","date_gmt":"2025-02-03T20:25:08","guid":{"rendered":"https:\/\/wgphoto.pl\/t\/?p=11377"},"modified":"2025-02-03T21:25:08","modified_gmt":"2025-02-03T20:25:08","slug":"budafok","status":"publish","type":"post","link":"http:\/\/wgphoto.pl\/t\/?p=11377","title":{"rendered":"Budafok"},"content":{"rendered":"\n<figure class=\"wp-block-image aligncenter size-full\"><img loading=\"lazy\" decoding=\"async\" width=\"1050\" height=\"700\" src=\"https:\/\/wgphoto.pl\/t\/wp-content\/uploads\/2025\/02\/IMGP6184.jpg\" alt=\"\" class=\"wp-image-11378\" srcset=\"http:\/\/wgphoto.pl\/t\/wp-content\/uploads\/2025\/02\/IMGP6184.jpg 1050w, http:\/\/wgphoto.pl\/t\/wp-content\/uploads\/2025\/02\/IMGP6184-300x200.jpg 300w, http:\/\/wgphoto.pl\/t\/wp-content\/uploads\/2025\/02\/IMGP6184-768x512.jpg 768w\" sizes=\"auto, (max-width: 1050px) 100vw, 1050px\" \/><\/figure>\n\n\n\n<div class=\"wp-block-group has-global-padding is-layout-constrained wp-block-group-is-layout-constrained\">\n<p>Budapeszt, torowisko wzd\u0142u\u017c Felt\u00e1r\u00f3 \u00fat. Tramwaj linii 41 zostawi\u0142 za sob\u0105 zajezdni\u0119 Budafok i wspina si\u0119 na wiadukt nad torami linii kolejowej w kierunku Sz\u00e9kesfeh\u00e9rv\u00e1r oraz tramwajowej do Savoya Park (to ta odga\u0142\u0119ziaj\u0105ca si\u0119 zaraz za tramwajem). 22.06.2014<\/p>\n<\/div>\n","protected":false},"excerpt":{"rendered":"<p>Budapeszt, torowisko wzd\u0142u\u017c Felt\u00e1r\u00f3 \u00fat. Tramwaj linii 41 zostawi\u0142 za sob\u0105 zajezdni\u0119 Budafok i wspina si\u0119 na wiadukt nad torami linii kolejowej w kierunku Sz\u00e9kesfeh\u00e9rv\u00e1r oraz tramwajowej do Savoya Park (to ta odga\u0142\u0119ziaj\u0105ca si\u0119 zaraz za tramwajem). 22.06.2014<\/p>\n","protected":false},"author":1,"featured_media":11378,"comment_status":"open","ping_status":"","sticky":false,"template":"","format":"standard","meta":{"footnotes":""},"categories":[48,3],"tags":[222,147,144,1037,105],"class_list":["post-11377","post","type-post","status-publish","format-standard","has-post-thumbnail","hentry","category-rok-2014","category-tramwaj","tag-2014-06-22","tag-bkv-budapest","tag-budapeszt","tag-tatra-t5","tag-wegry"],"_links":{"self":[{"href":"http:\/\/wgphoto.pl\/t\/index.php?rest_route=\/wp\/v2\/posts\/11377","targetHints":{"allow":["GET"]}}],"collection":[{"href":"http:\/\/wgphoto.pl\/t\/index.php?rest_route=\/wp\/v2\/posts"}],"about":[{"href":"http:\/\/wgphoto.pl\/t\/index.php?rest_route=\/wp\/v2\/types\/post"}],"author":[{"embeddable":true,"href":"http:\/\/wgphoto.pl\/t\/index.php?rest_route=\/wp\/v2\/users\/1"}],"replies":[{"embeddable":true,"href":"http:\/\/wgphoto.pl\/t\/index.php?rest_route=%2Fwp%2Fv2%2Fcomments&post=11377"}],"version-history":[{"count":1,"href":"http:\/\/wgphoto.pl\/t\/index.php?rest_route=\/wp\/v2\/posts\/11377\/revisions"}],"predecessor-version":[{"id":11379,"href":"http:\/\/wgphoto.pl\/t\/index.php?rest_route=\/wp\/v2\/posts\/11377\/revisions\/11379"}],"wp:featuredmedia":[{"embeddable":true,"href":"http:\/\/wgphoto.pl\/t\/index.php?rest_route=\/wp\/v2\/media\/11378"}],"wp:attachment":[{"href":"http:\/\/wgphoto.pl\/t\/index.php?rest_route=%2Fwp%2Fv2%2Fmedia&parent=11377"}],"wp:term":[{"taxonomy":"category","embeddable":true,"href":"http:\/\/wgphoto.pl\/t\/index.php?rest_route=%2Fwp%2Fv2%2Fcategories&post=11377"},{"taxonomy":"post_tag","embeddable":true,"href":"http:\/\/wgphoto.pl\/t\/index.php?rest_route=%2Fwp%2Fv2%2Ftags&post=11377"}],"curies":[{"name":"wp","href":"https:\/\/api.w.org\/{rel}","templated":true}]}}