{"id":11402,"date":"2025-02-03T21:33:42","date_gmt":"2025-02-03T20:33:42","guid":{"rendered":"https:\/\/wgphoto.pl\/t\/?p=11402"},"modified":"2025-02-03T21:33:42","modified_gmt":"2025-02-03T20:33:42","slug":"kutna-hora-mesto","status":"publish","type":"post","link":"http:\/\/wgphoto.pl\/t\/?p=11402","title":{"rendered":"Kutn\u00e1 Hora m\u011bsto"},"content":{"rendered":"\n<figure class=\"wp-block-image aligncenter size-full\"><img loading=\"lazy\" decoding=\"async\" width=\"1050\" height=\"700\" src=\"https:\/\/wgphoto.pl\/t\/wp-content\/uploads\/2025\/02\/IMGP8752.jpg\" alt=\"\" class=\"wp-image-11403\" srcset=\"http:\/\/wgphoto.pl\/t\/wp-content\/uploads\/2025\/02\/IMGP8752.jpg 1050w, http:\/\/wgphoto.pl\/t\/wp-content\/uploads\/2025\/02\/IMGP8752-300x200.jpg 300w, http:\/\/wgphoto.pl\/t\/wp-content\/uploads\/2025\/02\/IMGP8752-768x512.jpg 768w\" sizes=\"auto, (max-width: 1050px) 100vw, 1050px\" \/><\/figure>\n\n\n\n<div class=\"wp-block-group has-global-padding is-layout-constrained wp-block-group-is-layout-constrained\">\n<p>Poci\u0105g osobowy 19251 z Kutnej Hory hl.n. sko\u0144czy\u0142 bieg, przeje\u017cd\u017caj\u0105c uprzednio 2 kilometry trasy oraz jeden raz zmieniaj\u0105c czo\u0142o. Kursy tej relacji pe\u0142ni\u0105 rol\u0119 dowoz\u00f3wek do dworca g\u0142\u00f3wnego, po\u0142o\u017conego na peryferiach tego 21-tysi\u0119cznego miasta. 20.06.2012<\/p>\n<\/div>\n","protected":false},"excerpt":{"rendered":"<p>Poci\u0105g osobowy 19251 z Kutnej Hory hl.n. sko\u0144czy\u0142 bieg, przeje\u017cd\u017caj\u0105c uprzednio 2 kilometry trasy oraz jeden raz zmieniaj\u0105c czo\u0142o. Kursy tej relacji pe\u0142ni\u0105 rol\u0119 dowoz\u00f3wek do dworca g\u0142\u00f3wnego, po\u0142o\u017conego na peryferiach tego 21-tysi\u0119cznego miasta. 20.06.2012<\/p>\n","protected":false},"author":1,"featured_media":11403,"comment_status":"open","ping_status":"","sticky":false,"template":"","format":"standard","meta":{"footnotes":""},"categories":[2,46],"tags":[1733,211,50,49,3109,196,3110],"class_list":["post-11402","post","type-post","status-publish","format-standard","has-post-thumbnail","hentry","category-kolej","category-rok-2012","tag-2012-06-20","tag-211","tag-cd","tag-czechy","tag-kutna-hora-mesto","tag-linie-raczej-lokalne","tag-tab-cz235"],"_links":{"self":[{"href":"http:\/\/wgphoto.pl\/t\/index.php?rest_route=\/wp\/v2\/posts\/11402","targetHints":{"allow":["GET"]}}],"collection":[{"href":"http:\/\/wgphoto.pl\/t\/index.php?rest_route=\/wp\/v2\/posts"}],"about":[{"href":"http:\/\/wgphoto.pl\/t\/index.php?rest_route=\/wp\/v2\/types\/post"}],"author":[{"embeddable":true,"href":"http:\/\/wgphoto.pl\/t\/index.php?rest_route=\/wp\/v2\/users\/1"}],"replies":[{"embeddable":true,"href":"http:\/\/wgphoto.pl\/t\/index.php?rest_route=%2Fwp%2Fv2%2Fcomments&post=11402"}],"version-history":[{"count":1,"href":"http:\/\/wgphoto.pl\/t\/index.php?rest_route=\/wp\/v2\/posts\/11402\/revisions"}],"predecessor-version":[{"id":11404,"href":"http:\/\/wgphoto.pl\/t\/index.php?rest_route=\/wp\/v2\/posts\/11402\/revisions\/11404"}],"wp:featuredmedia":[{"embeddable":true,"href":"http:\/\/wgphoto.pl\/t\/index.php?rest_route=\/wp\/v2\/media\/11403"}],"wp:attachment":[{"href":"http:\/\/wgphoto.pl\/t\/index.php?rest_route=%2Fwp%2Fv2%2Fmedia&parent=11402"}],"wp:term":[{"taxonomy":"category","embeddable":true,"href":"http:\/\/wgphoto.pl\/t\/index.php?rest_route=%2Fwp%2Fv2%2Fcategories&post=11402"},{"taxonomy":"post_tag","embeddable":true,"href":"http:\/\/wgphoto.pl\/t\/index.php?rest_route=%2Fwp%2Fv2%2Ftags&post=11402"}],"curies":[{"name":"wp","href":"https:\/\/api.w.org\/{rel}","templated":true}]}}