{"id":11405,"date":"2025-02-03T21:35:12","date_gmt":"2025-02-03T20:35:12","guid":{"rendered":"https:\/\/wgphoto.pl\/t\/?p=11405"},"modified":"2025-02-03T21:35:12","modified_gmt":"2025-02-03T20:35:12","slug":"sava-nad-sawa","status":"publish","type":"post","link":"http:\/\/wgphoto.pl\/t\/?p=11405","title":{"rendered":"Sava nad Saw\u0105"},"content":{"rendered":"\n<figure class=\"wp-block-image aligncenter size-full\"><img loading=\"lazy\" decoding=\"async\" width=\"1200\" height=\"800\" src=\"https:\/\/wgphoto.pl\/t\/wp-content\/uploads\/2025\/02\/IMGP1543-1.jpg\" alt=\"\" class=\"wp-image-11406\" srcset=\"http:\/\/wgphoto.pl\/t\/wp-content\/uploads\/2025\/02\/IMGP1543-1.jpg 1200w, http:\/\/wgphoto.pl\/t\/wp-content\/uploads\/2025\/02\/IMGP1543-1-300x200.jpg 300w, http:\/\/wgphoto.pl\/t\/wp-content\/uploads\/2025\/02\/IMGP1543-1-768x512.jpg 768w\" sizes=\"auto, (max-width: 1200px) 100vw, 1200px\" \/><\/figure>\n\n\n\n<div class=\"wp-block-group has-global-padding is-layout-constrained wp-block-group-is-layout-constrained\">\n<p>Pociag EC 210 &#8222;Sava&#8221; relacji Vinkovci &#8211; Villach Hbf., zestawiony z wagon\u00f3w s\u0142owe\u0144skich i chorwackich oraz na terenie S\u0142owenii jad\u0105cy jako poci\u0105g pospieszny, mija malowniczo po\u0142o\u017con\u0105 stacj\u0119 Hrastnik, wci\u015bni\u0119t\u0105 mi\u0119dzy wody Sawy a rozci\u0105gaj\u0105ce si\u0119 wzd\u0142u\u017c jej brzeg\u00f3w wzg\u00f3rza. Podobne krajobrazy towarzysz\u0105 znacznemu odcinkowi linii kolejowej od granicy s\u0142owe\u0144sko &#8211; chorwackiej do Ljubljany.<br>Tym oto zdj\u0119ciem rozpoczynam seri\u0119 z tegorocznego urlopu. Mia\u0142em w planie zamie\u015bci\u0107 j\u0105 w porz\u0105dku chronologicznym, ale w ramach zado\u015b\u0107uczynienia zaniedbywanej zazwyczaj publiczno\u015bci kolejowej na pocz\u0105tek idzie foto poci\u0105gu, przy okazji wykonane w debiutuj\u0105cym tutaj kraju. 16.08.2015<\/p>\n<\/div>\n","protected":false},"excerpt":{"rendered":"<p>Pociag EC 210 &#8222;Sava&#8221; relacji Vinkovci &#8211; Villach Hbf., zestawiony z wagon\u00f3w s\u0142owe\u0144skich i chorwackich oraz na terenie S\u0142owenii jad\u0105cy jako poci\u0105g pospieszny, mija malowniczo po\u0142o\u017con\u0105 stacj\u0119 Hrastnik, wci\u015bni\u0119t\u0105 mi\u0119dzy wody Sawy a rozci\u0105gaj\u0105ce si\u0119 wzd\u0142u\u017c jej brzeg\u00f3w wzg\u00f3rza. Podobne krajobrazy towarzysz\u0105 znacznemu odcinkowi linii kolejowej od granicy s\u0142owe\u0144sko &#8211; chorwackiej do Ljubljany.Tym oto zdj\u0119ciem [&hellip;]<\/p>\n","protected":false},"author":1,"featured_media":11406,"comment_status":"open","ping_status":"","sticky":false,"template":"","format":"standard","meta":{"footnotes":""},"categories":[2,104],"tags":[257,114,254,73,119,255,253,107],"class_list":["post-11405","post","type-post","status-publish","format-standard","has-post-thumbnail","hentry","category-kolej","category-rok-2015","tag-2015-08-16","tag-gory","tag-hrastnik","tag-rzeka","tag-siemens-taurus","tag-slowenia","tag-sz","tag-wakacje-2015"],"_links":{"self":[{"href":"http:\/\/wgphoto.pl\/t\/index.php?rest_route=\/wp\/v2\/posts\/11405","targetHints":{"allow":["GET"]}}],"collection":[{"href":"http:\/\/wgphoto.pl\/t\/index.php?rest_route=\/wp\/v2\/posts"}],"about":[{"href":"http:\/\/wgphoto.pl\/t\/index.php?rest_route=\/wp\/v2\/types\/post"}],"author":[{"embeddable":true,"href":"http:\/\/wgphoto.pl\/t\/index.php?rest_route=\/wp\/v2\/users\/1"}],"replies":[{"embeddable":true,"href":"http:\/\/wgphoto.pl\/t\/index.php?rest_route=%2Fwp%2Fv2%2Fcomments&post=11405"}],"version-history":[{"count":1,"href":"http:\/\/wgphoto.pl\/t\/index.php?rest_route=\/wp\/v2\/posts\/11405\/revisions"}],"predecessor-version":[{"id":11407,"href":"http:\/\/wgphoto.pl\/t\/index.php?rest_route=\/wp\/v2\/posts\/11405\/revisions\/11407"}],"wp:featuredmedia":[{"embeddable":true,"href":"http:\/\/wgphoto.pl\/t\/index.php?rest_route=\/wp\/v2\/media\/11406"}],"wp:attachment":[{"href":"http:\/\/wgphoto.pl\/t\/index.php?rest_route=%2Fwp%2Fv2%2Fmedia&parent=11405"}],"wp:term":[{"taxonomy":"category","embeddable":true,"href":"http:\/\/wgphoto.pl\/t\/index.php?rest_route=%2Fwp%2Fv2%2Fcategories&post=11405"},{"taxonomy":"post_tag","embeddable":true,"href":"http:\/\/wgphoto.pl\/t\/index.php?rest_route=%2Fwp%2Fv2%2Ftags&post=11405"}],"curies":[{"name":"wp","href":"https:\/\/api.w.org\/{rel}","templated":true}]}}