{"id":11433,"date":"2025-02-04T18:08:01","date_gmt":"2025-02-04T17:08:01","guid":{"rendered":"https:\/\/wgphoto.pl\/t\/?p=11433"},"modified":"2025-02-04T18:14:57","modified_gmt":"2025-02-04T17:14:57","slug":"krakowski-nocny","status":"publish","type":"post","link":"http:\/\/wgphoto.pl\/t\/?p=11433","title":{"rendered":"Krakowski nocny"},"content":{"rendered":"\n<figure class=\"wp-block-image aligncenter size-full\"><img loading=\"lazy\" decoding=\"async\" width=\"1300\" height=\"975\" src=\"https:\/\/wgphoto.pl\/t\/wp-content\/uploads\/2025\/02\/IMGP0305.jpg\" alt=\"\" class=\"wp-image-11434\" srcset=\"http:\/\/wgphoto.pl\/t\/wp-content\/uploads\/2025\/02\/IMGP0305.jpg 1300w, http:\/\/wgphoto.pl\/t\/wp-content\/uploads\/2025\/02\/IMGP0305-300x225.jpg 300w, http:\/\/wgphoto.pl\/t\/wp-content\/uploads\/2025\/02\/IMGP0305-768x576.jpg 768w\" sizes=\"auto, (max-width: 1300px) 100vw, 1300px\" \/><\/figure>\n\n\n\n<div class=\"wp-block-group has-global-padding is-layout-constrained wp-block-group-is-layout-constrained\">\n<p>Krak\u00f3w, pl. Dominika\u0144ski. EU8N 3033 (ex-Wiede\u0144 E6 4924) na 69. Foto nie porywa, ale numer nocnej linii wida\u0107 wyra\u017anie, wi\u0119c niech sobie tu zaistnieje takie foto. A powsta\u0142o ono w bezsenn\u0105 i &#8222;bezdomn\u0105&#8221; noc pomi\u0119dzy poci\u0105giem z Wroc\u0142awia a samolotem na Majork\u0119. 03.11.2013<\/p>\n<\/div>\n","protected":false},"excerpt":{"rendered":"<p>Krak\u00f3w, pl. Dominika\u0144ski. EU8N 3033 (ex-Wiede\u0144 E6 4924) na 69. Foto nie porywa, ale numer nocnej linii wida\u0107 wyra\u017anie, wi\u0119c niech sobie tu zaistnieje takie foto. A powsta\u0142o ono w bezsenn\u0105 i &#8222;bezdomn\u0105&#8221; noc pomi\u0119dzy poci\u0105giem z Wroc\u0142awia a samolotem na Majork\u0119. 03.11.2013<\/p>\n","protected":false},"author":1,"featured_media":11434,"comment_status":"open","ping_status":"","sticky":false,"template":"","format":"standard","meta":{"footnotes":""},"categories":[55,3],"tags":[1138,1487,3114,238,664,663,154,27],"class_list":["post-11433","post","type-post","status-publish","format-standard","has-post-thumbnail","hentry","category-rok-2013","category-tramwaj","tag-2013-11-03","tag-e6","tag-eu8n","tag-gt8","tag-krakow","tag-mpk-krakow","tag-noc","tag-polska"],"_links":{"self":[{"href":"http:\/\/wgphoto.pl\/t\/index.php?rest_route=\/wp\/v2\/posts\/11433","targetHints":{"allow":["GET"]}}],"collection":[{"href":"http:\/\/wgphoto.pl\/t\/index.php?rest_route=\/wp\/v2\/posts"}],"about":[{"href":"http:\/\/wgphoto.pl\/t\/index.php?rest_route=\/wp\/v2\/types\/post"}],"author":[{"embeddable":true,"href":"http:\/\/wgphoto.pl\/t\/index.php?rest_route=\/wp\/v2\/users\/1"}],"replies":[{"embeddable":true,"href":"http:\/\/wgphoto.pl\/t\/index.php?rest_route=%2Fwp%2Fv2%2Fcomments&post=11433"}],"version-history":[{"count":1,"href":"http:\/\/wgphoto.pl\/t\/index.php?rest_route=\/wp\/v2\/posts\/11433\/revisions"}],"predecessor-version":[{"id":11435,"href":"http:\/\/wgphoto.pl\/t\/index.php?rest_route=\/wp\/v2\/posts\/11433\/revisions\/11435"}],"wp:featuredmedia":[{"embeddable":true,"href":"http:\/\/wgphoto.pl\/t\/index.php?rest_route=\/wp\/v2\/media\/11434"}],"wp:attachment":[{"href":"http:\/\/wgphoto.pl\/t\/index.php?rest_route=%2Fwp%2Fv2%2Fmedia&parent=11433"}],"wp:term":[{"taxonomy":"category","embeddable":true,"href":"http:\/\/wgphoto.pl\/t\/index.php?rest_route=%2Fwp%2Fv2%2Fcategories&post=11433"},{"taxonomy":"post_tag","embeddable":true,"href":"http:\/\/wgphoto.pl\/t\/index.php?rest_route=%2Fwp%2Fv2%2Ftags&post=11433"}],"curies":[{"name":"wp","href":"https:\/\/api.w.org\/{rel}","templated":true}]}}