{"id":11528,"date":"2025-02-07T18:00:10","date_gmt":"2025-02-07T17:00:10","guid":{"rendered":"https:\/\/wgphoto.pl\/t\/?p=11528"},"modified":"2025-02-11T19:42:14","modified_gmt":"2025-02-11T18:42:14","slug":"754-049-5-754-018-0","status":"publish","type":"post","link":"http:\/\/wgphoto.pl\/t\/?p=11528","title":{"rendered":"754 049-5 + 754 018-0"},"content":{"rendered":"\n<figure class=\"wp-block-image aligncenter size-full\"><img loading=\"lazy\" decoding=\"async\" width=\"1200\" height=\"800\" src=\"https:\/\/wgphoto.pl\/t\/wp-content\/uploads\/2025\/02\/IMGP8021.jpg\" alt=\"\" class=\"wp-image-11529\" srcset=\"http:\/\/wgphoto.pl\/t\/wp-content\/uploads\/2025\/02\/IMGP8021.jpg 1200w, http:\/\/wgphoto.pl\/t\/wp-content\/uploads\/2025\/02\/IMGP8021-300x200.jpg 300w, http:\/\/wgphoto.pl\/t\/wp-content\/uploads\/2025\/02\/IMGP8021-768x512.jpg 768w\" sizes=\"auto, (max-width: 1200px) 100vw, 1200px\" \/><\/figure>\n\n\n\n<div class=\"wp-block-group has-global-padding is-layout-constrained wp-block-group-is-layout-constrained\">\n<p>Poci\u0105g pospieszny 668 &#8222;Jun\u00e1k&#8221; relacji Brno hl.n. &#8211; Plze\u0148 hl.n., jad\u0105cy nieplanowo w trakcji podw\u00f3jnej, mija zabudowania miejscowo\u015bci Vladislav. Uj\u0119cie jest podobne do poprzedniego, poniewa\u017c poci\u0105gi je\u017cd\u017c\u0105 tu tak cz\u0119sto, \u017ce nie ma czasu miejsc\u00f3wki zmieni\u0107 (oba zdj\u0119cia dzieli oko\u0142o 20 minut). 2010-09-16<\/p>\n<\/div>\n","protected":false},"excerpt":{"rendered":"<p>Poci\u0105g pospieszny 668 &#8222;Jun\u00e1k&#8221; relacji Brno hl.n. &#8211; Plze\u0148 hl.n., jad\u0105cy nieplanowo w trakcji podw\u00f3jnej, mija zabudowania miejscowo\u015bci Vladislav. Uj\u0119cie jest podobne do poprzedniego, poniewa\u017c poci\u0105gi je\u017cd\u017c\u0105 tu tak cz\u0119sto, \u017ce nie ma czasu miejsc\u00f3wki zmieni\u0107 (oba zdj\u0119cia dzieli oko\u0142o 20 minut). 2010-09-16<\/p>\n","protected":false},"author":1,"featured_media":11529,"comment_status":"open","ping_status":"","sticky":false,"template":"","format":"standard","meta":{"footnotes":""},"categories":[2,86],"tags":[3115,335,50,49,1355,1354,1353],"class_list":["post-11528","post","type-post","status-publish","format-standard","has-post-thumbnail","hentry","category-kolej","category-rok-2010","tag-2010-09-16","tag-335","tag-cd","tag-czechy","tag-studenec","tag-tab-cz240","tag-vladislav"],"_links":{"self":[{"href":"http:\/\/wgphoto.pl\/t\/index.php?rest_route=\/wp\/v2\/posts\/11528","targetHints":{"allow":["GET"]}}],"collection":[{"href":"http:\/\/wgphoto.pl\/t\/index.php?rest_route=\/wp\/v2\/posts"}],"about":[{"href":"http:\/\/wgphoto.pl\/t\/index.php?rest_route=\/wp\/v2\/types\/post"}],"author":[{"embeddable":true,"href":"http:\/\/wgphoto.pl\/t\/index.php?rest_route=\/wp\/v2\/users\/1"}],"replies":[{"embeddable":true,"href":"http:\/\/wgphoto.pl\/t\/index.php?rest_route=%2Fwp%2Fv2%2Fcomments&post=11528"}],"version-history":[{"count":1,"href":"http:\/\/wgphoto.pl\/t\/index.php?rest_route=\/wp\/v2\/posts\/11528\/revisions"}],"predecessor-version":[{"id":11530,"href":"http:\/\/wgphoto.pl\/t\/index.php?rest_route=\/wp\/v2\/posts\/11528\/revisions\/11530"}],"wp:featuredmedia":[{"embeddable":true,"href":"http:\/\/wgphoto.pl\/t\/index.php?rest_route=\/wp\/v2\/media\/11529"}],"wp:attachment":[{"href":"http:\/\/wgphoto.pl\/t\/index.php?rest_route=%2Fwp%2Fv2%2Fmedia&parent=11528"}],"wp:term":[{"taxonomy":"category","embeddable":true,"href":"http:\/\/wgphoto.pl\/t\/index.php?rest_route=%2Fwp%2Fv2%2Fcategories&post=11528"},{"taxonomy":"post_tag","embeddable":true,"href":"http:\/\/wgphoto.pl\/t\/index.php?rest_route=%2Fwp%2Fv2%2Ftags&post=11528"}],"curies":[{"name":"wp","href":"https:\/\/api.w.org\/{rel}","templated":true}]}}