{"id":11531,"date":"2025-02-07T18:01:05","date_gmt":"2025-02-07T17:01:05","guid":{"rendered":"https:\/\/wgphoto.pl\/t\/?p=11531"},"modified":"2025-02-11T19:42:01","modified_gmt":"2025-02-11T18:42:01","slug":"porzadnie-wyslizgane","status":"publish","type":"post","link":"http:\/\/wgphoto.pl\/t\/?p=11531","title":{"rendered":"Porz\u0105dnie wy\u015blizgane"},"content":{"rendered":"\n<figure class=\"wp-block-image aligncenter size-full\"><img loading=\"lazy\" decoding=\"async\" width=\"1200\" height=\"800\" src=\"https:\/\/wgphoto.pl\/t\/wp-content\/uploads\/2025\/02\/IMGP8014.jpg\" alt=\"\" class=\"wp-image-11532\" srcset=\"http:\/\/wgphoto.pl\/t\/wp-content\/uploads\/2025\/02\/IMGP8014.jpg 1200w, http:\/\/wgphoto.pl\/t\/wp-content\/uploads\/2025\/02\/IMGP8014-300x200.jpg 300w, http:\/\/wgphoto.pl\/t\/wp-content\/uploads\/2025\/02\/IMGP8014-768x512.jpg 768w\" sizes=\"auto, (max-width: 1200px) 100vw, 1200px\" \/><\/figure>\n\n\n\n<div class=\"wp-block-group has-global-padding is-layout-constrained wp-block-group-is-layout-constrained\">\n<p>754 009-9 prowadzi poci\u0105g osobowy 4836 relacji Brno hl.n. &#8211; Ok\u0159\u00ed\u0161ky, kt\u00f3ry za kilka minut zatrzyma si\u0119 przy peronie przystanku Vladislav zast\u00e1vka. Na zdj\u0119ciu zaobserwowa\u0107 mo\u017cna jak spory ruch poci\u0105g\u00f3w wp\u0142ywa na zu\u017cycie g\u0142\u00f3wki szyny. 2010-09-16<\/p>\n<\/div>\n","protected":false},"excerpt":{"rendered":"<p>754 009-9 prowadzi poci\u0105g osobowy 4836 relacji Brno hl.n. &#8211; Ok\u0159\u00ed\u0161ky, kt\u00f3ry za kilka minut zatrzyma si\u0119 przy peronie przystanku Vladislav zast\u00e1vka. Na zdj\u0119ciu zaobserwowa\u0107 mo\u017cna jak spory ruch poci\u0105g\u00f3w wp\u0142ywa na zu\u017cycie g\u0142\u00f3wki szyny. 2010-09-16<\/p>\n","protected":false},"author":1,"featured_media":11532,"comment_status":"open","ping_status":"","sticky":false,"template":"","format":"standard","meta":{"footnotes":""},"categories":[2,86],"tags":[3115,335,50,49,1355,1354,1353],"class_list":["post-11531","post","type-post","status-publish","format-standard","has-post-thumbnail","hentry","category-kolej","category-rok-2010","tag-2010-09-16","tag-335","tag-cd","tag-czechy","tag-studenec","tag-tab-cz240","tag-vladislav"],"_links":{"self":[{"href":"http:\/\/wgphoto.pl\/t\/index.php?rest_route=\/wp\/v2\/posts\/11531","targetHints":{"allow":["GET"]}}],"collection":[{"href":"http:\/\/wgphoto.pl\/t\/index.php?rest_route=\/wp\/v2\/posts"}],"about":[{"href":"http:\/\/wgphoto.pl\/t\/index.php?rest_route=\/wp\/v2\/types\/post"}],"author":[{"embeddable":true,"href":"http:\/\/wgphoto.pl\/t\/index.php?rest_route=\/wp\/v2\/users\/1"}],"replies":[{"embeddable":true,"href":"http:\/\/wgphoto.pl\/t\/index.php?rest_route=%2Fwp%2Fv2%2Fcomments&post=11531"}],"version-history":[{"count":1,"href":"http:\/\/wgphoto.pl\/t\/index.php?rest_route=\/wp\/v2\/posts\/11531\/revisions"}],"predecessor-version":[{"id":11533,"href":"http:\/\/wgphoto.pl\/t\/index.php?rest_route=\/wp\/v2\/posts\/11531\/revisions\/11533"}],"wp:featuredmedia":[{"embeddable":true,"href":"http:\/\/wgphoto.pl\/t\/index.php?rest_route=\/wp\/v2\/media\/11532"}],"wp:attachment":[{"href":"http:\/\/wgphoto.pl\/t\/index.php?rest_route=%2Fwp%2Fv2%2Fmedia&parent=11531"}],"wp:term":[{"taxonomy":"category","embeddable":true,"href":"http:\/\/wgphoto.pl\/t\/index.php?rest_route=%2Fwp%2Fv2%2Fcategories&post=11531"},{"taxonomy":"post_tag","embeddable":true,"href":"http:\/\/wgphoto.pl\/t\/index.php?rest_route=%2Fwp%2Fv2%2Ftags&post=11531"}],"curies":[{"name":"wp","href":"https:\/\/api.w.org\/{rel}","templated":true}]}}