{"id":11580,"date":"2025-02-07T22:20:13","date_gmt":"2025-02-07T21:20:13","guid":{"rendered":"https:\/\/wgphoto.pl\/t\/?p=11580"},"modified":"2025-02-07T22:20:13","modified_gmt":"2025-02-07T21:20:13","slug":"w-nocy","status":"publish","type":"post","link":"http:\/\/wgphoto.pl\/t\/?p=11580","title":{"rendered":"W nocy"},"content":{"rendered":"\n<figure class=\"wp-block-image aligncenter size-full\"><img loading=\"lazy\" decoding=\"async\" width=\"1200\" height=\"795\" src=\"https:\/\/wgphoto.pl\/t\/wp-content\/uploads\/2025\/02\/IMGP8684.jpg\" alt=\"\" class=\"wp-image-11581\" srcset=\"http:\/\/wgphoto.pl\/t\/wp-content\/uploads\/2025\/02\/IMGP8684.jpg 1200w, http:\/\/wgphoto.pl\/t\/wp-content\/uploads\/2025\/02\/IMGP8684-300x199.jpg 300w, http:\/\/wgphoto.pl\/t\/wp-content\/uploads\/2025\/02\/IMGP8684-768x509.jpg 768w\" sizes=\"auto, (max-width: 1200px) 100vw, 1200px\" \/><\/figure>\n\n\n\n<div class=\"wp-block-group has-global-padding is-layout-constrained wp-block-group-is-layout-constrained\">\n<p>Berlin, Alexanderplatz. Jarmark bo\u017conarodzeniowy po zmierzchu przyci\u0105ga t\u0142umy odwiedzaj\u0105cych, chocia\u017c i bez niego jest tu chyba t\u0142oczno. Kolorystyka tego kadru nale\u017cy do kategorii zagadnie\u0144 trudniejszych ale mam nadziej\u0119 \u017ce jest akceptowalna. 25.11.2014<\/p>\n<\/div>\n","protected":false},"excerpt":{"rendered":"<p>Berlin, Alexanderplatz. Jarmark bo\u017conarodzeniowy po zmierzchu przyci\u0105ga t\u0142umy odwiedzaj\u0105cych, chocia\u017c i bez niego jest tu chyba t\u0142oczno. Kolorystyka tego kadru nale\u017cy do kategorii zagadnie\u0144 trudniejszych ale mam nadziej\u0119 \u017ce jest akceptowalna. 25.11.2014<\/p>\n","protected":false},"author":1,"featured_media":11581,"comment_status":"open","ping_status":"","sticky":false,"template":"","format":"standard","meta":{"footnotes":""},"categories":[48,3],"tags":[1630,639,1629,1628,239,151,23,154,143,1491],"class_list":["post-11580","post","type-post","status-publish","format-standard","has-post-thumbnail","hentry","category-rok-2014","category-tramwaj","tag-2014-11-25","tag-berlin","tag-bombardier-flexity-berlin","tag-bvg-berlin","tag-deptak","tag-ludzie","tag-niemcy","tag-noc","tag-ponad-30m","tag-swiateczne-akcenty"],"_links":{"self":[{"href":"http:\/\/wgphoto.pl\/t\/index.php?rest_route=\/wp\/v2\/posts\/11580","targetHints":{"allow":["GET"]}}],"collection":[{"href":"http:\/\/wgphoto.pl\/t\/index.php?rest_route=\/wp\/v2\/posts"}],"about":[{"href":"http:\/\/wgphoto.pl\/t\/index.php?rest_route=\/wp\/v2\/types\/post"}],"author":[{"embeddable":true,"href":"http:\/\/wgphoto.pl\/t\/index.php?rest_route=\/wp\/v2\/users\/1"}],"replies":[{"embeddable":true,"href":"http:\/\/wgphoto.pl\/t\/index.php?rest_route=%2Fwp%2Fv2%2Fcomments&post=11580"}],"version-history":[{"count":1,"href":"http:\/\/wgphoto.pl\/t\/index.php?rest_route=\/wp\/v2\/posts\/11580\/revisions"}],"predecessor-version":[{"id":11582,"href":"http:\/\/wgphoto.pl\/t\/index.php?rest_route=\/wp\/v2\/posts\/11580\/revisions\/11582"}],"wp:featuredmedia":[{"embeddable":true,"href":"http:\/\/wgphoto.pl\/t\/index.php?rest_route=\/wp\/v2\/media\/11581"}],"wp:attachment":[{"href":"http:\/\/wgphoto.pl\/t\/index.php?rest_route=%2Fwp%2Fv2%2Fmedia&parent=11580"}],"wp:term":[{"taxonomy":"category","embeddable":true,"href":"http:\/\/wgphoto.pl\/t\/index.php?rest_route=%2Fwp%2Fv2%2Fcategories&post=11580"},{"taxonomy":"post_tag","embeddable":true,"href":"http:\/\/wgphoto.pl\/t\/index.php?rest_route=%2Fwp%2Fv2%2Ftags&post=11580"}],"curies":[{"name":"wp","href":"https:\/\/api.w.org\/{rel}","templated":true}]}}