{"id":11583,"date":"2025-02-07T22:21:34","date_gmt":"2025-02-07T21:21:34","guid":{"rendered":"https:\/\/wgphoto.pl\/t\/?p=11583"},"modified":"2025-02-07T22:21:34","modified_gmt":"2025-02-07T21:21:34","slug":"5047-024-4","status":"publish","type":"post","link":"http:\/\/wgphoto.pl\/t\/?p=11583","title":{"rendered":"5047 024-4"},"content":{"rendered":"\n<figure class=\"wp-block-image aligncenter size-full\"><img loading=\"lazy\" decoding=\"async\" width=\"662\" height=\"999\" src=\"https:\/\/wgphoto.pl\/t\/wp-content\/uploads\/2025\/02\/IMGP6686.jpg\" alt=\"\" class=\"wp-image-11584\" srcset=\"http:\/\/wgphoto.pl\/t\/wp-content\/uploads\/2025\/02\/IMGP6686.jpg 662w, http:\/\/wgphoto.pl\/t\/wp-content\/uploads\/2025\/02\/IMGP6686-199x300.jpg 199w\" sizes=\"auto, (max-width: 662px) 100vw, 662px\" \/><\/figure>\n\n\n\n<div class=\"wp-block-group has-global-padding is-layout-constrained wp-block-group-is-layout-constrained\">\n<p>Wien Hausfeldstra\u00dfe &#8211; Raasdorf. Wagon motorowy w obs\u0142udze poci\u0105gu osobowego 2570 relacji Wien Hbf &#8211; Marchegg. Pojazd posiada malowanie niemal\u017ce retro, w ka\u017cdym razie jest to schemat fabryczny (czyli gdzie\u015b tak sprzed 25 lat) ze starym logo kolei austriackich. Najpierw kolor kremowy zast\u0105piono jasnoszarym, a p\u00f3\u017aniej wesz\u0142o wsp\u00f3\u0142czesne, szaro-czerwone malowanie \u00d6BB. W tle widoczny jest posterunek Wien Hausfeldstra\u00dfe, kt\u00f3ry tak naprawd\u0119 jest tylko odst\u0119pem wyposa\u017conym w rozjazd w\u0142\u0105czaj\u0105cy \u015blepo zako\u0144czone \u017ceberko, na kt\u00f3rym ko\u0144cz\u0105 bieg poci\u0105gi S-bahnu (linia S80), tote\u017c ci\u0119\u017cko to uzna\u0107 za stacj\u0119. Na pierwszym planie widoczny jest peron nieczynnego jeszcze przystanku Wien Aspern Nord, kt\u00f3rego uruchomienie planowane jest na rok 2017 i ma \u015bcis\u0142y zwi\u0105zek z budow\u0105 wspominanego chyba ju\u017c tu kiedy\u015b osiedla Seestadt. 2014-08-17<\/p>\n<\/div>\n","protected":false},"excerpt":{"rendered":"<p>Wien Hausfeldstra\u00dfe &#8211; Raasdorf. Wagon motorowy w obs\u0142udze poci\u0105gu osobowego 2570 relacji Wien Hbf &#8211; Marchegg. Pojazd posiada malowanie niemal\u017ce retro, w ka\u017cdym razie jest to schemat fabryczny (czyli gdzie\u015b tak sprzed 25 lat) ze starym logo kolei austriackich. Najpierw kolor kremowy zast\u0105piono jasnoszarym, a p\u00f3\u017aniej wesz\u0142o wsp\u00f3\u0142czesne, szaro-czerwone malowanie \u00d6BB. W tle widoczny jest [&hellip;]<\/p>\n","protected":false},"author":1,"featured_media":11584,"comment_status":"open","ping_status":"","sticky":false,"template":"","format":"standard","meta":{"footnotes":""},"categories":[2,128,48],"tags":[1808,3128,9,11,3127,97,3126],"class_list":["post-11583","post","type-post","status-publish","format-standard","has-post-thumbnail","hentry","category-kolej","category-pionowe","category-rok-2014","tag-2014-08-17","tag-3128","tag-austria","tag-obb","tag-raasdorf","tag-wieden","tag-wien-hausfeldstrase"],"_links":{"self":[{"href":"http:\/\/wgphoto.pl\/t\/index.php?rest_route=\/wp\/v2\/posts\/11583","targetHints":{"allow":["GET"]}}],"collection":[{"href":"http:\/\/wgphoto.pl\/t\/index.php?rest_route=\/wp\/v2\/posts"}],"about":[{"href":"http:\/\/wgphoto.pl\/t\/index.php?rest_route=\/wp\/v2\/types\/post"}],"author":[{"embeddable":true,"href":"http:\/\/wgphoto.pl\/t\/index.php?rest_route=\/wp\/v2\/users\/1"}],"replies":[{"embeddable":true,"href":"http:\/\/wgphoto.pl\/t\/index.php?rest_route=%2Fwp%2Fv2%2Fcomments&post=11583"}],"version-history":[{"count":1,"href":"http:\/\/wgphoto.pl\/t\/index.php?rest_route=\/wp\/v2\/posts\/11583\/revisions"}],"predecessor-version":[{"id":11585,"href":"http:\/\/wgphoto.pl\/t\/index.php?rest_route=\/wp\/v2\/posts\/11583\/revisions\/11585"}],"wp:featuredmedia":[{"embeddable":true,"href":"http:\/\/wgphoto.pl\/t\/index.php?rest_route=\/wp\/v2\/media\/11584"}],"wp:attachment":[{"href":"http:\/\/wgphoto.pl\/t\/index.php?rest_route=%2Fwp%2Fv2%2Fmedia&parent=11583"}],"wp:term":[{"taxonomy":"category","embeddable":true,"href":"http:\/\/wgphoto.pl\/t\/index.php?rest_route=%2Fwp%2Fv2%2Fcategories&post=11583"},{"taxonomy":"post_tag","embeddable":true,"href":"http:\/\/wgphoto.pl\/t\/index.php?rest_route=%2Fwp%2Fv2%2Ftags&post=11583"}],"curies":[{"name":"wp","href":"https:\/\/api.w.org\/{rel}","templated":true}]}}