{"id":11617,"date":"2025-02-07T22:42:27","date_gmt":"2025-02-07T21:42:27","guid":{"rendered":"https:\/\/wgphoto.pl\/t\/?p=11617"},"modified":"2025-02-07T22:42:27","modified_gmt":"2025-02-07T21:42:27","slug":"aleja-palmowa-2","status":"publish","type":"post","link":"http:\/\/wgphoto.pl\/t\/?p=11617","title":{"rendered":"Aleja palmowa"},"content":{"rendered":"\n<figure class=\"wp-block-image aligncenter size-full\"><img loading=\"lazy\" decoding=\"async\" width=\"1050\" height=\"700\" src=\"https:\/\/wgphoto.pl\/t\/wp-content\/uploads\/2025\/02\/IMGP1227.jpg\" alt=\"\" class=\"wp-image-11618\" srcset=\"http:\/\/wgphoto.pl\/t\/wp-content\/uploads\/2025\/02\/IMGP1227.jpg 1050w, http:\/\/wgphoto.pl\/t\/wp-content\/uploads\/2025\/02\/IMGP1227-300x200.jpg 300w, http:\/\/wgphoto.pl\/t\/wp-content\/uploads\/2025\/02\/IMGP1227-768x512.jpg 768w\" sizes=\"auto, (max-width: 1050px) 100vw, 1050px\" \/><\/figure>\n\n\n\n<div class=\"wp-block-group has-global-padding is-layout-constrained wp-block-group-is-layout-constrained\">\n<p>Murcja, Avenida Juan Carlos I. Zwyczajna aleja w centrum miasta, zadrzewiona okazami dostosowanymi do tutejszych warunk\u00f3w klimatycznych.<br>I to by by\u0142o na tyle w temacie zdj\u0119\u0107 z Murcji. Plenery s\u0105 tu bardzo \u0142adne, tramwaje r\u00f3wnie\u017c sympatyczne, ale czas nagli\u0142 i po paru godzinach trzeba by\u0142o jecha\u0107 dalej. 05.12.2012<\/p>\n<\/div>\n","protected":false},"excerpt":{"rendered":"<p>Murcja, Avenida Juan Carlos I. Zwyczajna aleja w centrum miasta, zadrzewiona okazami dostosowanymi do tutejszych warunk\u00f3w klimatycznych.I to by by\u0142o na tyle w temacie zdj\u0119\u0107 z Murcji. Plenery s\u0105 tu bardzo \u0142adne, tramwaje r\u00f3wnie\u017c sympatyczne, ale czas nagli\u0142 i po paru godzinach trzeba by\u0142o jecha\u0107 dalej. 05.12.2012<\/p>\n","protected":false},"author":1,"featured_media":11618,"comment_status":"open","ping_status":"","sticky":false,"template":"","format":"standard","meta":{"footnotes":""},"categories":[46,3],"tags":[1835,170,159,2033,2032],"class_list":["post-11617","post","type-post","status-publish","format-standard","has-post-thumbnail","hentry","category-rok-2012","category-tramwaj","tag-2012-12-05","tag-alstom-citadis302","tag-hiszpania","tag-murcja","tag-tranvia-de-murcia"],"_links":{"self":[{"href":"http:\/\/wgphoto.pl\/t\/index.php?rest_route=\/wp\/v2\/posts\/11617","targetHints":{"allow":["GET"]}}],"collection":[{"href":"http:\/\/wgphoto.pl\/t\/index.php?rest_route=\/wp\/v2\/posts"}],"about":[{"href":"http:\/\/wgphoto.pl\/t\/index.php?rest_route=\/wp\/v2\/types\/post"}],"author":[{"embeddable":true,"href":"http:\/\/wgphoto.pl\/t\/index.php?rest_route=\/wp\/v2\/users\/1"}],"replies":[{"embeddable":true,"href":"http:\/\/wgphoto.pl\/t\/index.php?rest_route=%2Fwp%2Fv2%2Fcomments&post=11617"}],"version-history":[{"count":1,"href":"http:\/\/wgphoto.pl\/t\/index.php?rest_route=\/wp\/v2\/posts\/11617\/revisions"}],"predecessor-version":[{"id":11619,"href":"http:\/\/wgphoto.pl\/t\/index.php?rest_route=\/wp\/v2\/posts\/11617\/revisions\/11619"}],"wp:featuredmedia":[{"embeddable":true,"href":"http:\/\/wgphoto.pl\/t\/index.php?rest_route=\/wp\/v2\/media\/11618"}],"wp:attachment":[{"href":"http:\/\/wgphoto.pl\/t\/index.php?rest_route=%2Fwp%2Fv2%2Fmedia&parent=11617"}],"wp:term":[{"taxonomy":"category","embeddable":true,"href":"http:\/\/wgphoto.pl\/t\/index.php?rest_route=%2Fwp%2Fv2%2Fcategories&post=11617"},{"taxonomy":"post_tag","embeddable":true,"href":"http:\/\/wgphoto.pl\/t\/index.php?rest_route=%2Fwp%2Fv2%2Ftags&post=11617"}],"curies":[{"name":"wp","href":"https:\/\/api.w.org\/{rel}","templated":true}]}}