{"id":11620,"date":"2025-02-07T22:44:52","date_gmt":"2025-02-07T21:44:52","guid":{"rendered":"https:\/\/wgphoto.pl\/t\/?p=11620"},"modified":"2025-02-07T22:44:52","modified_gmt":"2025-02-07T21:44:52","slug":"niskopodlogowa-zapchajdziura","status":"publish","type":"post","link":"http:\/\/wgphoto.pl\/t\/?p=11620","title":{"rendered":"Niskopod\u0142ogowa zapchajdziura"},"content":{"rendered":"\n<figure class=\"wp-block-image aligncenter size-full\"><img loading=\"lazy\" decoding=\"async\" width=\"1200\" height=\"800\" src=\"https:\/\/wgphoto.pl\/t\/wp-content\/uploads\/2025\/02\/IMGP2936.jpg\" alt=\"\" class=\"wp-image-11621\" srcset=\"http:\/\/wgphoto.pl\/t\/wp-content\/uploads\/2025\/02\/IMGP2936.jpg 1200w, http:\/\/wgphoto.pl\/t\/wp-content\/uploads\/2025\/02\/IMGP2936-300x200.jpg 300w, http:\/\/wgphoto.pl\/t\/wp-content\/uploads\/2025\/02\/IMGP2936-768x512.jpg 768w\" sizes=\"auto, (max-width: 1200px) 100vw, 1200px\" \/><\/figure>\n\n\n\n<div class=\"wp-block-group has-global-padding is-layout-constrained wp-block-group-is-layout-constrained\">\n<p>Powiew nowo\u015bci w\u015br\u00f3d wroc\u0142awskich tramwaj\u00f3w (opis z wrze\u015bnia 2015) przemyka w\u015br\u00f3d kamienic Przedmie\u015bcia O\u0142awskiego, zwanego popularnie &#8222;tr\u00f3jk\u0105tem bermudzkim&#8221;. Jak na razie nie ma chyba pomys\u0142u na zatrudnienie dla tych pojazd\u00f3w, uwzgl\u0119dniwszy dost\u0119pne dla nich odcinki tutejszej sieci tramwajowej. Przez ostatnie dwa tygodnie sierpnia Pesary kursowa\u0142y na linii 3. Obecnie &#8211; po wyd\u0142u\u017ceniu tr\u00f3jki do Le\u015bnicy &#8211; je\u017cd\u017c\u0105 na 33 (nie wiedzie\u0107 czemu tylko w godzinach szczytu w dni robocze) oraz na 23 (w \u0142ykendy; te\u017c nie s\u0105 to brygady ca\u0142odzienne). O ile silnie obci\u0105\u017cone 33 wydaje si\u0119 by\u0107 dobrym wyborem &#8211; cho\u0107 rodzi pytanie, co z zatrudnieniem dla Sk\u00f3d 19T, o tyle wysy\u0142anie najnowszych pojazd\u00f3w na najs\u0142absz\u0105 w mie\u015bcie lini\u0119 tramwajow\u0105 &#8211; 23 (no, mo\u017ce 15 mog\u0142aby jeszcze konkurowa\u0107 w kategorii najni\u017cszej frekwencji) &#8211; to typowa zapchajdziura. 29.08.2015<\/p>\n<\/div>\n","protected":false},"excerpt":{"rendered":"<p>Powiew nowo\u015bci w\u015br\u00f3d wroc\u0142awskich tramwaj\u00f3w (opis z wrze\u015bnia 2015) przemyka w\u015br\u00f3d kamienic Przedmie\u015bcia O\u0142awskiego, zwanego popularnie &#8222;tr\u00f3jk\u0105tem bermudzkim&#8221;. Jak na razie nie ma chyba pomys\u0142u na zatrudnienie dla tych pojazd\u00f3w, uwzgl\u0119dniwszy dost\u0119pne dla nich odcinki tutejszej sieci tramwajowej. Przez ostatnie dwa tygodnie sierpnia Pesary kursowa\u0142y na linii 3. Obecnie &#8211; po wyd\u0142u\u017ceniu tr\u00f3jki do Le\u015bnicy [&hellip;]<\/p>\n","protected":false},"author":1,"featured_media":11621,"comment_status":"open","ping_status":"","sticky":false,"template":"","format":"standard","meta":{"footnotes":""},"categories":[104,3],"tags":[3131,34,42,1207,27,41],"class_list":["post-11620","post","type-post","status-publish","format-standard","has-post-thumbnail","hentry","category-rok-2015","category-tramwaj","tag-2015-08-29","tag-architektura","tag-mpk-wroclaw","tag-pesa-twist","tag-polska","tag-wroclaw"],"_links":{"self":[{"href":"http:\/\/wgphoto.pl\/t\/index.php?rest_route=\/wp\/v2\/posts\/11620","targetHints":{"allow":["GET"]}}],"collection":[{"href":"http:\/\/wgphoto.pl\/t\/index.php?rest_route=\/wp\/v2\/posts"}],"about":[{"href":"http:\/\/wgphoto.pl\/t\/index.php?rest_route=\/wp\/v2\/types\/post"}],"author":[{"embeddable":true,"href":"http:\/\/wgphoto.pl\/t\/index.php?rest_route=\/wp\/v2\/users\/1"}],"replies":[{"embeddable":true,"href":"http:\/\/wgphoto.pl\/t\/index.php?rest_route=%2Fwp%2Fv2%2Fcomments&post=11620"}],"version-history":[{"count":1,"href":"http:\/\/wgphoto.pl\/t\/index.php?rest_route=\/wp\/v2\/posts\/11620\/revisions"}],"predecessor-version":[{"id":11622,"href":"http:\/\/wgphoto.pl\/t\/index.php?rest_route=\/wp\/v2\/posts\/11620\/revisions\/11622"}],"wp:featuredmedia":[{"embeddable":true,"href":"http:\/\/wgphoto.pl\/t\/index.php?rest_route=\/wp\/v2\/media\/11621"}],"wp:attachment":[{"href":"http:\/\/wgphoto.pl\/t\/index.php?rest_route=%2Fwp%2Fv2%2Fmedia&parent=11620"}],"wp:term":[{"taxonomy":"category","embeddable":true,"href":"http:\/\/wgphoto.pl\/t\/index.php?rest_route=%2Fwp%2Fv2%2Fcategories&post=11620"},{"taxonomy":"post_tag","embeddable":true,"href":"http:\/\/wgphoto.pl\/t\/index.php?rest_route=%2Fwp%2Fv2%2Ftags&post=11620"}],"curies":[{"name":"wp","href":"https:\/\/api.w.org\/{rel}","templated":true}]}}