{"id":11629,"date":"2025-02-07T22:50:27","date_gmt":"2025-02-07T21:50:27","guid":{"rendered":"https:\/\/wgphoto.pl\/t\/?p=11629"},"modified":"2025-07-15T19:07:01","modified_gmt":"2025-07-15T17:07:01","slug":"pesa-120nb-nr-108","status":"publish","type":"post","link":"http:\/\/wgphoto.pl\/t\/?p=11629","title":{"rendered":"Pesa 120Nb nr 108"},"content":{"rendered":"\n<figure class=\"wp-block-image aligncenter size-full\"><img loading=\"lazy\" decoding=\"async\" width=\"1400\" height=\"927\" src=\"https:\/\/wgphoto.pl\/t\/wp-content\/uploads\/2025\/02\/IMGP2477.jpg\" alt=\"\" class=\"wp-image-11675\" srcset=\"http:\/\/wgphoto.pl\/t\/wp-content\/uploads\/2025\/02\/IMGP2477.jpg 1400w, http:\/\/wgphoto.pl\/t\/wp-content\/uploads\/2025\/02\/IMGP2477-300x199.jpg 300w, http:\/\/wgphoto.pl\/t\/wp-content\/uploads\/2025\/02\/IMGP2477-768x509.jpg 768w\" sizes=\"auto, (max-width: 1400px) 100vw, 1400px\" \/><\/figure>\n\n\n\n<div class=\"wp-block-group has-global-padding is-layout-constrained wp-block-group-is-layout-constrained\">\n<p>Segedyn, Boldogasszony sug\u00e1r\u00fat. Najnowszy spo\u015br\u00f3d dziewi\u0119ciu tutejszych pesar\u00f3w min\u0105\u0142 Bram\u0119 Bohater\u00f3w. 21.08.2015<\/p>\n<\/div>\n","protected":false},"excerpt":{"rendered":"<p>Segedyn, Boldogasszony sug\u00e1r\u00fat. Najnowszy spo\u015br\u00f3d dziewi\u0119ciu tutejszych pesar\u00f3w min\u0105\u0142 Bram\u0119 Bohater\u00f3w. 21.08.2015<\/p>\n","protected":false},"author":1,"featured_media":11675,"comment_status":"open","ping_status":"","sticky":false,"template":"","format":"standard","meta":{"footnotes":""},"categories":[104,3],"tags":[109,34,13,494,1161,106,1790,107,105],"class_list":["post-11629","post","type-post","status-publish","format-standard","has-post-thumbnail","hentry","category-rok-2015","category-tramwaj","tag-2015-08-21","tag-architektura","tag-deszcz","tag-flaga","tag-pesa-swing","tag-segedyn","tag-szkt-szeged","tag-wakacje-2015","tag-wegry"],"_links":{"self":[{"href":"http:\/\/wgphoto.pl\/t\/index.php?rest_route=\/wp\/v2\/posts\/11629","targetHints":{"allow":["GET"]}}],"collection":[{"href":"http:\/\/wgphoto.pl\/t\/index.php?rest_route=\/wp\/v2\/posts"}],"about":[{"href":"http:\/\/wgphoto.pl\/t\/index.php?rest_route=\/wp\/v2\/types\/post"}],"author":[{"embeddable":true,"href":"http:\/\/wgphoto.pl\/t\/index.php?rest_route=\/wp\/v2\/users\/1"}],"replies":[{"embeddable":true,"href":"http:\/\/wgphoto.pl\/t\/index.php?rest_route=%2Fwp%2Fv2%2Fcomments&post=11629"}],"version-history":[{"count":2,"href":"http:\/\/wgphoto.pl\/t\/index.php?rest_route=\/wp\/v2\/posts\/11629\/revisions"}],"predecessor-version":[{"id":11676,"href":"http:\/\/wgphoto.pl\/t\/index.php?rest_route=\/wp\/v2\/posts\/11629\/revisions\/11676"}],"wp:featuredmedia":[{"embeddable":true,"href":"http:\/\/wgphoto.pl\/t\/index.php?rest_route=\/wp\/v2\/media\/11675"}],"wp:attachment":[{"href":"http:\/\/wgphoto.pl\/t\/index.php?rest_route=%2Fwp%2Fv2%2Fmedia&parent=11629"}],"wp:term":[{"taxonomy":"category","embeddable":true,"href":"http:\/\/wgphoto.pl\/t\/index.php?rest_route=%2Fwp%2Fv2%2Fcategories&post=11629"},{"taxonomy":"post_tag","embeddable":true,"href":"http:\/\/wgphoto.pl\/t\/index.php?rest_route=%2Fwp%2Fv2%2Ftags&post=11629"}],"curies":[{"name":"wp","href":"https:\/\/api.w.org\/{rel}","templated":true}]}}