{"id":11641,"date":"2025-02-07T23:03:08","date_gmt":"2025-02-07T22:03:08","guid":{"rendered":"https:\/\/wgphoto.pl\/t\/?p=11641"},"modified":"2025-02-08T22:52:41","modified_gmt":"2025-02-08T21:52:41","slug":"austriacka-nuda","status":"publish","type":"post","link":"http:\/\/wgphoto.pl\/t\/?p=11641","title":{"rendered":"Austriacka nuda"},"content":{"rendered":"\n<figure class=\"wp-block-image aligncenter size-full\"><img loading=\"lazy\" decoding=\"async\" width=\"1400\" height=\"927\" src=\"https:\/\/wgphoto.pl\/t\/wp-content\/uploads\/2025\/02\/IMGP1573.jpg\" alt=\"\" class=\"wp-image-11673\" srcset=\"http:\/\/wgphoto.pl\/t\/wp-content\/uploads\/2025\/02\/IMGP1573.jpg 1400w, http:\/\/wgphoto.pl\/t\/wp-content\/uploads\/2025\/02\/IMGP1573-300x199.jpg 300w, http:\/\/wgphoto.pl\/t\/wp-content\/uploads\/2025\/02\/IMGP1573-768x509.jpg 768w\" sizes=\"auto, (max-width: 1400px) 100vw, 1400px\" \/><\/figure>\n\n\n\n<div class=\"wp-block-group has-global-padding is-layout-constrained wp-block-group-is-layout-constrained\">\n<p>Wybiera si\u0119 cz\u0142owiek do S\u0142owenii \u017ceby sfotografowa\u0107 tamtejsze poci\u0105gi, a tu przyje\u017cd\u017ca jaki\u015b Austriak. Swoj\u0105 drog\u0105 d\u017awi\u0119k diesla tej maszyny, gnaj\u0105cej po ciasnych \u0142ukach z d\u0142ugim sk\u0142adem dobre 80 km\/h, ni\u00f3s\u0142 si\u0119 w dolinie d\u0142ugo przed i po przeje\u017adzie poci\u0105gu. 16.08.2015<\/p>\n<\/div>\n","protected":false},"excerpt":{"rendered":"<p>Wybiera si\u0119 cz\u0142owiek do S\u0142owenii \u017ceby sfotografowa\u0107 tamtejsze poci\u0105gi, a tu przyje\u017cd\u017ca jaki\u015b Austriak. Swoj\u0105 drog\u0105 d\u017awi\u0119k diesla tej maszyny, gnaj\u0105cej po ciasnych \u0142ukach z d\u0142ugim sk\u0142adem dobre 80 km\/h, ni\u00f3s\u0142 si\u0119 w dolinie d\u0142ugo przed i po przeje\u017adzie poci\u0105gu. 16.08.2015<\/p>\n","protected":false},"author":1,"featured_media":11673,"comment_status":"open","ping_status":"","sticky":false,"template":"","format":"standard","meta":{"footnotes":""},"categories":[2,104],"tags":[257,3129,114,254,11,73,255,107],"class_list":["post-11641","post","type-post","status-publish","format-standard","has-post-thumbnail","hentry","category-kolej","category-rok-2015","tag-2015-08-16","tag-3129","tag-gory","tag-hrastnik","tag-obb","tag-rzeka","tag-slowenia","tag-wakacje-2015"],"_links":{"self":[{"href":"http:\/\/wgphoto.pl\/t\/index.php?rest_route=\/wp\/v2\/posts\/11641","targetHints":{"allow":["GET"]}}],"collection":[{"href":"http:\/\/wgphoto.pl\/t\/index.php?rest_route=\/wp\/v2\/posts"}],"about":[{"href":"http:\/\/wgphoto.pl\/t\/index.php?rest_route=\/wp\/v2\/types\/post"}],"author":[{"embeddable":true,"href":"http:\/\/wgphoto.pl\/t\/index.php?rest_route=\/wp\/v2\/users\/1"}],"replies":[{"embeddable":true,"href":"http:\/\/wgphoto.pl\/t\/index.php?rest_route=%2Fwp%2Fv2%2Fcomments&post=11641"}],"version-history":[{"count":2,"href":"http:\/\/wgphoto.pl\/t\/index.php?rest_route=\/wp\/v2\/posts\/11641\/revisions"}],"predecessor-version":[{"id":11674,"href":"http:\/\/wgphoto.pl\/t\/index.php?rest_route=\/wp\/v2\/posts\/11641\/revisions\/11674"}],"wp:featuredmedia":[{"embeddable":true,"href":"http:\/\/wgphoto.pl\/t\/index.php?rest_route=\/wp\/v2\/media\/11673"}],"wp:attachment":[{"href":"http:\/\/wgphoto.pl\/t\/index.php?rest_route=%2Fwp%2Fv2%2Fmedia&parent=11641"}],"wp:term":[{"taxonomy":"category","embeddable":true,"href":"http:\/\/wgphoto.pl\/t\/index.php?rest_route=%2Fwp%2Fv2%2Fcategories&post=11641"},{"taxonomy":"post_tag","embeddable":true,"href":"http:\/\/wgphoto.pl\/t\/index.php?rest_route=%2Fwp%2Fv2%2Ftags&post=11641"}],"curies":[{"name":"wp","href":"https:\/\/api.w.org\/{rel}","templated":true}]}}