{"id":11644,"date":"2025-02-07T23:04:08","date_gmt":"2025-02-07T22:04:08","guid":{"rendered":"https:\/\/wgphoto.pl\/t\/?p=11644"},"modified":"2025-07-06T11:01:19","modified_gmt":"2025-07-06T09:01:19","slug":"17-godzin","status":"publish","type":"post","link":"http:\/\/wgphoto.pl\/t\/?p=11644","title":{"rendered":"17 godzin"},"content":{"rendered":"\n<figure class=\"wp-block-image aligncenter size-full\"><img loading=\"lazy\" decoding=\"async\" width=\"1400\" height=\"927\" src=\"https:\/\/wgphoto.pl\/t\/wp-content\/uploads\/2025\/02\/IMGP2361.jpg\" alt=\"\" class=\"wp-image-11671\" srcset=\"http:\/\/wgphoto.pl\/t\/wp-content\/uploads\/2025\/02\/IMGP2361.jpg 1400w, http:\/\/wgphoto.pl\/t\/wp-content\/uploads\/2025\/02\/IMGP2361-300x199.jpg 300w, http:\/\/wgphoto.pl\/t\/wp-content\/uploads\/2025\/02\/IMGP2361-768x509.jpg 768w\" sizes=\"auto, (max-width: 1400px) 100vw, 1400px\" \/><\/figure>\n\n\n\n<div class=\"wp-block-group has-global-padding is-layout-constrained wp-block-group-is-layout-constrained\">\n<p>Timi\u015foara Nord. Jest godzina 13:20. Do odjazdu szykuje si\u0119 nocna rze\u017ania do Jass\u00f3w, kt\u00f3ra dystans 845 kilometr\u00f3w pokona w 17 godzin i 8 minut. Mo\u017ce kiedy\u015b si\u0119 tak\u0105 przejad\u0119, ale tym razem zadowoli mnie osob\u00f3wka do pobliskiego Aradu. \ud83d\ude09 2015-08-20<\/p>\n<\/div>\n","protected":false},"excerpt":{"rendered":"<p>Timi\u015foara Nord. Jest godzina 13:20. Do odjazdu szykuje si\u0119 nocna rze\u017ania do Jass\u00f3w, kt\u00f3ra dystans 845 kilometr\u00f3w pokona w 17 godzin i 8 minut. Mo\u017ce kiedy\u015b si\u0119 tak\u0105 przejad\u0119, ale tym razem zadowoli mnie osob\u00f3wka do pobliskiego Aradu. \ud83d\ude09 2015-08-20<\/p>\n","protected":false},"author":1,"featured_media":11671,"comment_status":"open","ping_status":"","sticky":false,"template":"","format":"standard","meta":{"footnotes":""},"categories":[104,3],"tags":[1301,4187,958,574,1176,3132,107],"class_list":["post-11644","post","type-post","status-publish","format-standard","has-post-thumbnail","hentry","category-rok-2015","category-tramwaj","tag-2015-08-20","tag-4187","tag-cfr","tag-rumunia","tag-timisoara","tag-timisoara-nord","tag-wakacje-2015"],"_links":{"self":[{"href":"http:\/\/wgphoto.pl\/t\/index.php?rest_route=\/wp\/v2\/posts\/11644","targetHints":{"allow":["GET"]}}],"collection":[{"href":"http:\/\/wgphoto.pl\/t\/index.php?rest_route=\/wp\/v2\/posts"}],"about":[{"href":"http:\/\/wgphoto.pl\/t\/index.php?rest_route=\/wp\/v2\/types\/post"}],"author":[{"embeddable":true,"href":"http:\/\/wgphoto.pl\/t\/index.php?rest_route=\/wp\/v2\/users\/1"}],"replies":[{"embeddable":true,"href":"http:\/\/wgphoto.pl\/t\/index.php?rest_route=%2Fwp%2Fv2%2Fcomments&post=11644"}],"version-history":[{"count":2,"href":"http:\/\/wgphoto.pl\/t\/index.php?rest_route=\/wp\/v2\/posts\/11644\/revisions"}],"predecessor-version":[{"id":11672,"href":"http:\/\/wgphoto.pl\/t\/index.php?rest_route=\/wp\/v2\/posts\/11644\/revisions\/11672"}],"wp:featuredmedia":[{"embeddable":true,"href":"http:\/\/wgphoto.pl\/t\/index.php?rest_route=\/wp\/v2\/media\/11671"}],"wp:attachment":[{"href":"http:\/\/wgphoto.pl\/t\/index.php?rest_route=%2Fwp%2Fv2%2Fmedia&parent=11644"}],"wp:term":[{"taxonomy":"category","embeddable":true,"href":"http:\/\/wgphoto.pl\/t\/index.php?rest_route=%2Fwp%2Fv2%2Fcategories&post=11644"},{"taxonomy":"post_tag","embeddable":true,"href":"http:\/\/wgphoto.pl\/t\/index.php?rest_route=%2Fwp%2Fv2%2Ftags&post=11644"}],"curies":[{"name":"wp","href":"https:\/\/api.w.org\/{rel}","templated":true}]}}