{"id":11647,"date":"2025-02-07T23:05:24","date_gmt":"2025-02-07T22:05:24","guid":{"rendered":"https:\/\/wgphoto.pl\/t\/?p=11647"},"modified":"2025-02-07T23:05:24","modified_gmt":"2025-02-07T22:05:24","slug":"zgnila-pogoda-2","status":"publish","type":"post","link":"http:\/\/wgphoto.pl\/t\/?p=11647","title":{"rendered":"Zgni\u0142a pogoda"},"content":{"rendered":"\n<figure class=\"wp-block-image aligncenter size-full\"><img loading=\"lazy\" decoding=\"async\" width=\"1200\" height=\"800\" src=\"https:\/\/wgphoto.pl\/t\/wp-content\/uploads\/2025\/02\/IMGP1934.jpg\" alt=\"\" class=\"wp-image-11648\" srcset=\"http:\/\/wgphoto.pl\/t\/wp-content\/uploads\/2025\/02\/IMGP1934.jpg 1200w, http:\/\/wgphoto.pl\/t\/wp-content\/uploads\/2025\/02\/IMGP1934-300x200.jpg 300w, http:\/\/wgphoto.pl\/t\/wp-content\/uploads\/2025\/02\/IMGP1934-768x512.jpg 768w\" sizes=\"auto, (max-width: 1200px) 100vw, 1200px\" \/><\/figure>\n\n\n\n<div class=\"wp-block-group has-global-padding is-layout-constrained wp-block-group-is-layout-constrained\">\n<p>Poci\u0105g kolei podmiejskiej H\u00c9V, obs\u0142uguj\u0105cy jedyn\u0105 lini\u0119 przebiegaj\u0105c\u0105 w ca\u0142o\u015bci w granicach administracyjnych Budapesztu (H7 do Csepel), odje\u017cd\u017ca z przystanku K\u00f6zv\u00e1g\u00f3h\u00edd. 18.08.2015<\/p>\n<\/div>\n","protected":false},"excerpt":{"rendered":"<p>Poci\u0105g kolei podmiejskiej H\u00c9V, obs\u0142uguj\u0105cy jedyn\u0105 lini\u0119 przebiegaj\u0105c\u0105 w ca\u0142o\u015bci w granicach administracyjnych Budapesztu (H7 do Csepel), odje\u017cd\u017ca z przystanku K\u00f6zv\u00e1g\u00f3h\u00edd. 18.08.2015<\/p>\n","protected":false},"author":1,"featured_media":11648,"comment_status":"open","ping_status":"","sticky":false,"template":"","format":"standard","meta":{"footnotes":""},"categories":[2,104],"tags":[1809,144,13,3133,1374,73,107,105],"class_list":["post-11647","post","type-post","status-publish","format-standard","has-post-thumbnail","hentry","category-kolej","category-rok-2015","tag-2015-08-18","tag-budapeszt","tag-deszcz","tag-hev","tag-kolej-podmiejska","tag-rzeka","tag-wakacje-2015","tag-wegry"],"_links":{"self":[{"href":"http:\/\/wgphoto.pl\/t\/index.php?rest_route=\/wp\/v2\/posts\/11647","targetHints":{"allow":["GET"]}}],"collection":[{"href":"http:\/\/wgphoto.pl\/t\/index.php?rest_route=\/wp\/v2\/posts"}],"about":[{"href":"http:\/\/wgphoto.pl\/t\/index.php?rest_route=\/wp\/v2\/types\/post"}],"author":[{"embeddable":true,"href":"http:\/\/wgphoto.pl\/t\/index.php?rest_route=\/wp\/v2\/users\/1"}],"replies":[{"embeddable":true,"href":"http:\/\/wgphoto.pl\/t\/index.php?rest_route=%2Fwp%2Fv2%2Fcomments&post=11647"}],"version-history":[{"count":1,"href":"http:\/\/wgphoto.pl\/t\/index.php?rest_route=\/wp\/v2\/posts\/11647\/revisions"}],"predecessor-version":[{"id":11649,"href":"http:\/\/wgphoto.pl\/t\/index.php?rest_route=\/wp\/v2\/posts\/11647\/revisions\/11649"}],"wp:featuredmedia":[{"embeddable":true,"href":"http:\/\/wgphoto.pl\/t\/index.php?rest_route=\/wp\/v2\/media\/11648"}],"wp:attachment":[{"href":"http:\/\/wgphoto.pl\/t\/index.php?rest_route=%2Fwp%2Fv2%2Fmedia&parent=11647"}],"wp:term":[{"taxonomy":"category","embeddable":true,"href":"http:\/\/wgphoto.pl\/t\/index.php?rest_route=%2Fwp%2Fv2%2Fcategories&post=11647"},{"taxonomy":"post_tag","embeddable":true,"href":"http:\/\/wgphoto.pl\/t\/index.php?rest_route=%2Fwp%2Fv2%2Ftags&post=11647"}],"curies":[{"name":"wp","href":"https:\/\/api.w.org\/{rel}","templated":true}]}}