{"id":11653,"date":"2025-02-07T23:07:26","date_gmt":"2025-02-07T22:07:26","guid":{"rendered":"https:\/\/wgphoto.pl\/t\/?p=11653"},"modified":"2026-01-05T14:45:10","modified_gmt":"2026-01-05T13:45:10","slug":"szostka-do-sopotu","status":"publish","type":"post","link":"http:\/\/wgphoto.pl\/t\/?p=11653","title":{"rendered":"Sz\u00f3stk\u0105 do Sopotu"},"content":{"rendered":"\n<figure class=\"wp-block-image aligncenter size-full\"><img loading=\"lazy\" decoding=\"async\" width=\"1200\" height=\"800\" src=\"https:\/\/wgphoto.pl\/t\/wp-content\/uploads\/2025\/02\/IMGP1921.jpg\" alt=\"\" class=\"wp-image-11654\" srcset=\"http:\/\/wgphoto.pl\/t\/wp-content\/uploads\/2025\/02\/IMGP1921.jpg 1200w, http:\/\/wgphoto.pl\/t\/wp-content\/uploads\/2025\/02\/IMGP1921-300x200.jpg 300w, http:\/\/wgphoto.pl\/t\/wp-content\/uploads\/2025\/02\/IMGP1921-768x512.jpg 768w\" sizes=\"auto, (max-width: 1200px) 100vw, 1200px\" \/><\/figure>\n\n\n\n<div class=\"wp-block-group has-global-padding is-layout-constrained wp-block-group-is-layout-constrained\">\n<p>Widok na zagrzebski dworzec g\u0142\u00f3wny od strony miasta. Jako \u017ce w okolicy nie ma \u017cadnej sygnalizacji \u015bwietlnej, to pomimo przed\u0142u\u017caj\u0105cej si\u0119 chwilami wymiany pasa\u017cerskiej na tym mocno frekwencyjnym przystanku ruch podje\u017cd\u017caj\u0105cych tu co chwila tramwaj\u00f3w odbywa si\u0119 bardzo p\u0142ynnie. Uwa\u017cni obserwatorzy dostrzeg\u0105, \u017ce spod dworca mo\u017cna sz\u00f3stk\u0105 dojecha\u0107 a\u017c do Sopotu. \ud83d\ude09 18.08.2015<\/p>\n<\/div>\n","protected":false},"excerpt":{"rendered":"<p>Widok na zagrzebski dworzec g\u0142\u00f3wny od strony miasta. Jako \u017ce w okolicy nie ma \u017cadnej sygnalizacji \u015bwietlnej, to pomimo przed\u0142u\u017caj\u0105cej si\u0119 chwilami wymiany pasa\u017cerskiej na tym mocno frekwencyjnym przystanku ruch podje\u017cd\u017caj\u0105cych tu co chwila tramwaj\u00f3w odbywa si\u0119 bardzo p\u0142ynnie. Uwa\u017cni obserwatorzy dostrzeg\u0105, \u017ce spod dworca mo\u017cna sz\u00f3stk\u0105 dojecha\u0107 a\u017c do Sopotu. \ud83d\ude09 18.08.2015<\/p>\n","protected":false},"author":1,"featured_media":11654,"comment_status":"open","ping_status":"","sticky":false,"template":"","format":"standard","meta":{"footnotes":""},"categories":[104,3],"tags":[1809,459,476,380,107,3134,477,478],"class_list":["post-11653","post","type-post","status-publish","format-standard","has-post-thumbnail","hentry","category-rok-2015","category-tramwaj","tag-2015-08-18","tag-chorwacja","tag-crotram","tag-spod-dworca","tag-wakacje-2015","tag-zagreb-glavni-kolodvor","tag-zagrzeb","tag-zet-zagreb"],"_links":{"self":[{"href":"http:\/\/wgphoto.pl\/t\/index.php?rest_route=\/wp\/v2\/posts\/11653","targetHints":{"allow":["GET"]}}],"collection":[{"href":"http:\/\/wgphoto.pl\/t\/index.php?rest_route=\/wp\/v2\/posts"}],"about":[{"href":"http:\/\/wgphoto.pl\/t\/index.php?rest_route=\/wp\/v2\/types\/post"}],"author":[{"embeddable":true,"href":"http:\/\/wgphoto.pl\/t\/index.php?rest_route=\/wp\/v2\/users\/1"}],"replies":[{"embeddable":true,"href":"http:\/\/wgphoto.pl\/t\/index.php?rest_route=%2Fwp%2Fv2%2Fcomments&post=11653"}],"version-history":[{"count":1,"href":"http:\/\/wgphoto.pl\/t\/index.php?rest_route=\/wp\/v2\/posts\/11653\/revisions"}],"predecessor-version":[{"id":11655,"href":"http:\/\/wgphoto.pl\/t\/index.php?rest_route=\/wp\/v2\/posts\/11653\/revisions\/11655"}],"wp:featuredmedia":[{"embeddable":true,"href":"http:\/\/wgphoto.pl\/t\/index.php?rest_route=\/wp\/v2\/media\/11654"}],"wp:attachment":[{"href":"http:\/\/wgphoto.pl\/t\/index.php?rest_route=%2Fwp%2Fv2%2Fmedia&parent=11653"}],"wp:term":[{"taxonomy":"category","embeddable":true,"href":"http:\/\/wgphoto.pl\/t\/index.php?rest_route=%2Fwp%2Fv2%2Fcategories&post=11653"},{"taxonomy":"post_tag","embeddable":true,"href":"http:\/\/wgphoto.pl\/t\/index.php?rest_route=%2Fwp%2Fv2%2Ftags&post=11653"}],"curies":[{"name":"wp","href":"https:\/\/api.w.org\/{rel}","templated":true}]}}