{"id":11686,"date":"2025-02-09T14:45:25","date_gmt":"2025-02-09T13:45:25","guid":{"rendered":"https:\/\/wgphoto.pl\/t\/?p=11686"},"modified":"2025-02-09T14:45:25","modified_gmt":"2025-02-09T13:45:25","slug":"oznaczenia-literowe","status":"publish","type":"post","link":"http:\/\/wgphoto.pl\/t\/?p=11686","title":{"rendered":"Oznaczenia literowe"},"content":{"rendered":"\n<figure class=\"wp-block-image aligncenter size-full\"><img loading=\"lazy\" decoding=\"async\" width=\"1200\" height=\"800\" src=\"https:\/\/wgphoto.pl\/t\/wp-content\/uploads\/2025\/02\/0718-33.jpg\" alt=\"\" class=\"wp-image-11687\" srcset=\"http:\/\/wgphoto.pl\/t\/wp-content\/uploads\/2025\/02\/0718-33.jpg 1200w, http:\/\/wgphoto.pl\/t\/wp-content\/uploads\/2025\/02\/0718-33-300x200.jpg 300w, http:\/\/wgphoto.pl\/t\/wp-content\/uploads\/2025\/02\/0718-33-768x512.jpg 768w\" sizes=\"auto, (max-width: 1200px) 100vw, 1200px\" \/><\/figure>\n\n\n\n<div class=\"wp-block-group has-global-padding is-layout-constrained wp-block-group-is-layout-constrained\">\n<p>Wiede\u0144, Radetzkyplatz. Kontynuuj\u0105c w\u0105tek nieistniej\u0105cych linii &#8211; tym razem literowa N-ka (obs\u0142ugiwana sk\u0142adem E1+c4 4812+1312), zast\u0105piona po po\u0142owie liniami 1 i 2. Przeprowadzon\u0105 w 2008 roku korekt\u0119 tras przetrwa\u0142y tylko dwie z dotychczasowych czterech linii oznaczonych literami: D i O; opr\u00f3cz N znikn\u0119\u0142a tak\u017ce linia J.<br>Sklep na rogu, o nazwie niekt\u00f3rym jednoznacznie kojarz\u0105cej si\u0119, jest austriackim odpowiednikiem rossmanna. 07.08.2007<\/p>\n<\/div>\n","protected":false},"excerpt":{"rendered":"<p>Wiede\u0144, Radetzkyplatz. Kontynuuj\u0105c w\u0105tek nieistniej\u0105cych linii &#8211; tym razem literowa N-ka (obs\u0142ugiwana sk\u0142adem E1+c4 4812+1312), zast\u0105piona po po\u0142owie liniami 1 i 2. Przeprowadzon\u0105 w 2008 roku korekt\u0119 tras przetrwa\u0142y tylko dwie z dotychczasowych czterech linii oznaczonych literami: D i O; opr\u00f3cz N znikn\u0119\u0142a tak\u017ce linia J.Sklep na rogu, o nazwie niekt\u00f3rym jednoznacznie kojarz\u0105cej si\u0119, jest [&hellip;]<\/p>\n","protected":false},"author":1,"featured_media":11687,"comment_status":"open","ping_status":"","sticky":false,"template":"","format":"standard","meta":{"footnotes":""},"categories":[62,96,3],"tags":[2504,9,13,102,101,97,98],"class_list":["post-11686","post","type-post","status-publish","format-standard","has-post-thumbnail","hentry","category-analog","category-rok-2007","category-tramwaj","tag-2007-08-07","tag-austria","tag-deszcz","tag-e1","tag-gt6","tag-wieden","tag-wiener-linien"],"_links":{"self":[{"href":"http:\/\/wgphoto.pl\/t\/index.php?rest_route=\/wp\/v2\/posts\/11686","targetHints":{"allow":["GET"]}}],"collection":[{"href":"http:\/\/wgphoto.pl\/t\/index.php?rest_route=\/wp\/v2\/posts"}],"about":[{"href":"http:\/\/wgphoto.pl\/t\/index.php?rest_route=\/wp\/v2\/types\/post"}],"author":[{"embeddable":true,"href":"http:\/\/wgphoto.pl\/t\/index.php?rest_route=\/wp\/v2\/users\/1"}],"replies":[{"embeddable":true,"href":"http:\/\/wgphoto.pl\/t\/index.php?rest_route=%2Fwp%2Fv2%2Fcomments&post=11686"}],"version-history":[{"count":1,"href":"http:\/\/wgphoto.pl\/t\/index.php?rest_route=\/wp\/v2\/posts\/11686\/revisions"}],"predecessor-version":[{"id":11688,"href":"http:\/\/wgphoto.pl\/t\/index.php?rest_route=\/wp\/v2\/posts\/11686\/revisions\/11688"}],"wp:featuredmedia":[{"embeddable":true,"href":"http:\/\/wgphoto.pl\/t\/index.php?rest_route=\/wp\/v2\/media\/11687"}],"wp:attachment":[{"href":"http:\/\/wgphoto.pl\/t\/index.php?rest_route=%2Fwp%2Fv2%2Fmedia&parent=11686"}],"wp:term":[{"taxonomy":"category","embeddable":true,"href":"http:\/\/wgphoto.pl\/t\/index.php?rest_route=%2Fwp%2Fv2%2Fcategories&post=11686"},{"taxonomy":"post_tag","embeddable":true,"href":"http:\/\/wgphoto.pl\/t\/index.php?rest_route=%2Fwp%2Fv2%2Ftags&post=11686"}],"curies":[{"name":"wp","href":"https:\/\/api.w.org\/{rel}","templated":true}]}}