{"id":11689,"date":"2025-02-09T14:46:25","date_gmt":"2025-02-09T13:46:25","guid":{"rendered":"https:\/\/wgphoto.pl\/t\/?p=11689"},"modified":"2025-02-09T14:46:25","modified_gmt":"2025-02-09T13:46:25","slug":"przystanek-wiedenski","status":"publish","type":"post","link":"http:\/\/wgphoto.pl\/t\/?p=11689","title":{"rendered":"Przystanek wiede\u0144ski"},"content":{"rendered":"\n<figure class=\"wp-block-image aligncenter size-full\"><img loading=\"lazy\" decoding=\"async\" width=\"990\" height=\"660\" src=\"https:\/\/wgphoto.pl\/t\/wp-content\/uploads\/2025\/02\/0718-34.jpg\" alt=\"\" class=\"wp-image-11690\" srcset=\"http:\/\/wgphoto.pl\/t\/wp-content\/uploads\/2025\/02\/0718-34.jpg 990w, http:\/\/wgphoto.pl\/t\/wp-content\/uploads\/2025\/02\/0718-34-300x200.jpg 300w, http:\/\/wgphoto.pl\/t\/wp-content\/uploads\/2025\/02\/0718-34-768x512.jpg 768w\" sizes=\"auto, (max-width: 990px) 100vw, 990px\" \/><\/figure>\n\n\n\n<div class=\"wp-block-group has-global-padding is-layout-constrained wp-block-group-is-layout-constrained\">\n<p>Wiede\u0144, Wallensteinplatz. Zestaw E1+c4 4735+1305 zatrzyma\u0142 si\u0119 przy &#8222;peronie&#8221; tzw. przystanku wiede\u0144skiego w wykonaniu, mo\u017cna by rzec, oryginalnym. Wyj\u0105tkiem od standardu jest nawierzchnia jezdni wykonana z czerwonej kostki. W tle widoczna jest Donauturm, stoj\u0105ca w Donauparku. 07.08.2007<\/p>\n<\/div>\n","protected":false},"excerpt":{"rendered":"<p>Wiede\u0144, Wallensteinplatz. Zestaw E1+c4 4735+1305 zatrzyma\u0142 si\u0119 przy &#8222;peronie&#8221; tzw. przystanku wiede\u0144skiego w wykonaniu, mo\u017cna by rzec, oryginalnym. Wyj\u0105tkiem od standardu jest nawierzchnia jezdni wykonana z czerwonej kostki. W tle widoczna jest Donauturm, stoj\u0105ca w Donauparku. 07.08.2007<\/p>\n","protected":false},"author":1,"featured_media":11690,"comment_status":"open","ping_status":"","sticky":false,"template":"","format":"standard","meta":{"footnotes":""},"categories":[62,96,3],"tags":[2504,9,102,101,230,162,97,98],"class_list":["post-11689","post","type-post","status-publish","format-standard","has-post-thumbnail","hentry","category-analog","category-rok-2007","category-tramwaj","tag-2007-08-07","tag-austria","tag-e1","tag-gt6","tag-infrastruktura","tag-niebo","tag-wieden","tag-wiener-linien"],"_links":{"self":[{"href":"http:\/\/wgphoto.pl\/t\/index.php?rest_route=\/wp\/v2\/posts\/11689","targetHints":{"allow":["GET"]}}],"collection":[{"href":"http:\/\/wgphoto.pl\/t\/index.php?rest_route=\/wp\/v2\/posts"}],"about":[{"href":"http:\/\/wgphoto.pl\/t\/index.php?rest_route=\/wp\/v2\/types\/post"}],"author":[{"embeddable":true,"href":"http:\/\/wgphoto.pl\/t\/index.php?rest_route=\/wp\/v2\/users\/1"}],"replies":[{"embeddable":true,"href":"http:\/\/wgphoto.pl\/t\/index.php?rest_route=%2Fwp%2Fv2%2Fcomments&post=11689"}],"version-history":[{"count":1,"href":"http:\/\/wgphoto.pl\/t\/index.php?rest_route=\/wp\/v2\/posts\/11689\/revisions"}],"predecessor-version":[{"id":11691,"href":"http:\/\/wgphoto.pl\/t\/index.php?rest_route=\/wp\/v2\/posts\/11689\/revisions\/11691"}],"wp:featuredmedia":[{"embeddable":true,"href":"http:\/\/wgphoto.pl\/t\/index.php?rest_route=\/wp\/v2\/media\/11690"}],"wp:attachment":[{"href":"http:\/\/wgphoto.pl\/t\/index.php?rest_route=%2Fwp%2Fv2%2Fmedia&parent=11689"}],"wp:term":[{"taxonomy":"category","embeddable":true,"href":"http:\/\/wgphoto.pl\/t\/index.php?rest_route=%2Fwp%2Fv2%2Fcategories&post=11689"},{"taxonomy":"post_tag","embeddable":true,"href":"http:\/\/wgphoto.pl\/t\/index.php?rest_route=%2Fwp%2Fv2%2Ftags&post=11689"}],"curies":[{"name":"wp","href":"https:\/\/api.w.org\/{rel}","templated":true}]}}