{"id":11692,"date":"2025-02-09T14:47:12","date_gmt":"2025-02-09T13:47:12","guid":{"rendered":"https:\/\/wgphoto.pl\/t\/?p=11692"},"modified":"2025-02-09T15:17:19","modified_gmt":"2025-02-09T14:17:19","slug":"hunderwasserhaus","status":"publish","type":"post","link":"http:\/\/wgphoto.pl\/t\/?p=11692","title":{"rendered":"Hundertwasserhaus"},"content":{"rendered":"\n<figure class=\"wp-block-image aligncenter size-full\"><img loading=\"lazy\" decoding=\"async\" width=\"990\" height=\"660\" src=\"https:\/\/wgphoto.pl\/t\/wp-content\/uploads\/2025\/02\/0718-37.jpg\" alt=\"\" class=\"wp-image-11693\" srcset=\"http:\/\/wgphoto.pl\/t\/wp-content\/uploads\/2025\/02\/0718-37.jpg 990w, http:\/\/wgphoto.pl\/t\/wp-content\/uploads\/2025\/02\/0718-37-300x200.jpg 300w, http:\/\/wgphoto.pl\/t\/wp-content\/uploads\/2025\/02\/0718-37-768x512.jpg 768w\" sizes=\"auto, (max-width: 990px) 100vw, 990px\" \/><\/figure>\n\n\n\n<div class=\"wp-block-group has-global-padding is-layout-constrained wp-block-group-is-layout-constrained\">\n<p>Wiede\u0144, L\u00f6wengasse. Jedni fotografuj\u0105 s\u0142ynny budynek (kt\u00f3ry rozci\u0105ga si\u0119 bardziej na lewo, dlatego te\u017c w tym kadrze ma\u0142o co wida\u0107), inni fotografuj\u0105 towarzyszy wycieczki na jego tle, a jeszcze inni &#8211; tramwaje. \ud83d\ude09 07.08.2007<\/p>\n<\/div>\n","protected":false},"excerpt":{"rendered":"<p>Wiede\u0144, L\u00f6wengasse. Jedni fotografuj\u0105 s\u0142ynny budynek (kt\u00f3ry rozci\u0105ga si\u0119 bardziej na lewo, dlatego te\u017c w tym kadrze ma\u0142o co wida\u0107), inni fotografuj\u0105 towarzyszy wycieczki na jego tle, a jeszcze inni &#8211; tramwaje. \ud83d\ude09 07.08.2007<\/p>\n","protected":false},"author":1,"featured_media":11693,"comment_status":"open","ping_status":"","sticky":false,"template":"","format":"standard","meta":{"footnotes":""},"categories":[62,96,3],"tags":[2504,34,9,102,101,97,98],"class_list":["post-11692","post","type-post","status-publish","format-standard","has-post-thumbnail","hentry","category-analog","category-rok-2007","category-tramwaj","tag-2007-08-07","tag-architektura","tag-austria","tag-e1","tag-gt6","tag-wieden","tag-wiener-linien"],"_links":{"self":[{"href":"http:\/\/wgphoto.pl\/t\/index.php?rest_route=\/wp\/v2\/posts\/11692","targetHints":{"allow":["GET"]}}],"collection":[{"href":"http:\/\/wgphoto.pl\/t\/index.php?rest_route=\/wp\/v2\/posts"}],"about":[{"href":"http:\/\/wgphoto.pl\/t\/index.php?rest_route=\/wp\/v2\/types\/post"}],"author":[{"embeddable":true,"href":"http:\/\/wgphoto.pl\/t\/index.php?rest_route=\/wp\/v2\/users\/1"}],"replies":[{"embeddable":true,"href":"http:\/\/wgphoto.pl\/t\/index.php?rest_route=%2Fwp%2Fv2%2Fcomments&post=11692"}],"version-history":[{"count":2,"href":"http:\/\/wgphoto.pl\/t\/index.php?rest_route=\/wp\/v2\/posts\/11692\/revisions"}],"predecessor-version":[{"id":11768,"href":"http:\/\/wgphoto.pl\/t\/index.php?rest_route=\/wp\/v2\/posts\/11692\/revisions\/11768"}],"wp:featuredmedia":[{"embeddable":true,"href":"http:\/\/wgphoto.pl\/t\/index.php?rest_route=\/wp\/v2\/media\/11693"}],"wp:attachment":[{"href":"http:\/\/wgphoto.pl\/t\/index.php?rest_route=%2Fwp%2Fv2%2Fmedia&parent=11692"}],"wp:term":[{"taxonomy":"category","embeddable":true,"href":"http:\/\/wgphoto.pl\/t\/index.php?rest_route=%2Fwp%2Fv2%2Fcategories&post=11692"},{"taxonomy":"post_tag","embeddable":true,"href":"http:\/\/wgphoto.pl\/t\/index.php?rest_route=%2Fwp%2Fv2%2Ftags&post=11692"}],"curies":[{"name":"wp","href":"https:\/\/api.w.org\/{rel}","templated":true}]}}