{"id":11695,"date":"2025-02-09T14:48:02","date_gmt":"2025-02-09T13:48:02","guid":{"rendered":"https:\/\/wgphoto.pl\/t\/?p=11695"},"modified":"2025-02-09T14:48:02","modified_gmt":"2025-02-09T13:48:02","slug":"pod-czerwona-latarnia","status":"publish","type":"post","link":"http:\/\/wgphoto.pl\/t\/?p=11695","title":{"rendered":"Pod czerwon\u0105 latarni\u0105"},"content":{"rendered":"\n<figure class=\"wp-block-image aligncenter size-full\"><img loading=\"lazy\" decoding=\"async\" width=\"990\" height=\"660\" src=\"https:\/\/wgphoto.pl\/t\/wp-content\/uploads\/2025\/02\/0719-18.jpg\" alt=\"\" class=\"wp-image-11696\" srcset=\"http:\/\/wgphoto.pl\/t\/wp-content\/uploads\/2025\/02\/0719-18.jpg 990w, http:\/\/wgphoto.pl\/t\/wp-content\/uploads\/2025\/02\/0719-18-300x200.jpg 300w, http:\/\/wgphoto.pl\/t\/wp-content\/uploads\/2025\/02\/0719-18-768x512.jpg 768w\" sizes=\"auto, (max-width: 990px) 100vw, 990px\" \/><\/figure>\n\n\n\n<div class=\"wp-block-group has-global-padding is-layout-constrained wp-block-group-is-layout-constrained\">\n<p>Bratys\u0142awa, ul. Botanick\u00e1. Sk\u0142ad T3SUCS 7741+7742 zatrzymuje si\u0119 na przystanku przy Ogrodzie Botanicznym. Jak wida\u0107 powy\u017cej, w Bratys\u0142awie czerwonych (lub &#8211; gdy wyblakn\u0105 &#8211; r\u00f3\u017cowych) latarni nie brakuje. \ud83d\ude09 08.08.2007<\/p>\n<\/div>\n","protected":false},"excerpt":{"rendered":"<p>Bratys\u0142awa, ul. Botanick\u00e1. Sk\u0142ad T3SUCS 7741+7742 zatrzymuje si\u0119 na przystanku przy Ogrodzie Botanicznym. Jak wida\u0107 powy\u017cej, w Bratys\u0142awie czerwonych (lub &#8211; gdy wyblakn\u0105 &#8211; r\u00f3\u017cowych) latarni nie brakuje. \ud83d\ude09 08.08.2007<\/p>\n","protected":false},"author":1,"featured_media":11696,"comment_status":"open","ping_status":"","sticky":false,"template":"","format":"standard","meta":{"footnotes":""},"categories":[62,96,3],"tags":[1329,902,906,675,1011],"class_list":["post-11695","post","type-post","status-publish","format-standard","has-post-thumbnail","hentry","category-analog","category-rok-2007","category-tramwaj","tag-2007-08-08","tag-bratyslawa","tag-dp-bratislava","tag-slowacja","tag-tatra-t3"],"_links":{"self":[{"href":"http:\/\/wgphoto.pl\/t\/index.php?rest_route=\/wp\/v2\/posts\/11695","targetHints":{"allow":["GET"]}}],"collection":[{"href":"http:\/\/wgphoto.pl\/t\/index.php?rest_route=\/wp\/v2\/posts"}],"about":[{"href":"http:\/\/wgphoto.pl\/t\/index.php?rest_route=\/wp\/v2\/types\/post"}],"author":[{"embeddable":true,"href":"http:\/\/wgphoto.pl\/t\/index.php?rest_route=\/wp\/v2\/users\/1"}],"replies":[{"embeddable":true,"href":"http:\/\/wgphoto.pl\/t\/index.php?rest_route=%2Fwp%2Fv2%2Fcomments&post=11695"}],"version-history":[{"count":1,"href":"http:\/\/wgphoto.pl\/t\/index.php?rest_route=\/wp\/v2\/posts\/11695\/revisions"}],"predecessor-version":[{"id":11697,"href":"http:\/\/wgphoto.pl\/t\/index.php?rest_route=\/wp\/v2\/posts\/11695\/revisions\/11697"}],"wp:featuredmedia":[{"embeddable":true,"href":"http:\/\/wgphoto.pl\/t\/index.php?rest_route=\/wp\/v2\/media\/11696"}],"wp:attachment":[{"href":"http:\/\/wgphoto.pl\/t\/index.php?rest_route=%2Fwp%2Fv2%2Fmedia&parent=11695"}],"wp:term":[{"taxonomy":"category","embeddable":true,"href":"http:\/\/wgphoto.pl\/t\/index.php?rest_route=%2Fwp%2Fv2%2Fcategories&post=11695"},{"taxonomy":"post_tag","embeddable":true,"href":"http:\/\/wgphoto.pl\/t\/index.php?rest_route=%2Fwp%2Fv2%2Ftags&post=11695"}],"curies":[{"name":"wp","href":"https:\/\/api.w.org\/{rel}","templated":true}]}}