{"id":11707,"date":"2025-02-09T14:52:04","date_gmt":"2025-02-09T13:52:04","guid":{"rendered":"https:\/\/wgphoto.pl\/t\/?p=11707"},"modified":"2025-02-09T14:52:04","modified_gmt":"2025-02-09T13:52:04","slug":"kt8-zmodernizowany","status":"publish","type":"post","link":"http:\/\/wgphoto.pl\/t\/?p=11707","title":{"rendered":"KT8 zmodernizowany"},"content":{"rendered":"\n<figure class=\"wp-block-image aligncenter size-full\"><img loading=\"lazy\" decoding=\"async\" width=\"990\" height=\"660\" src=\"https:\/\/wgphoto.pl\/t\/wp-content\/uploads\/2025\/02\/0902-0.jpg\" alt=\"\" class=\"wp-image-11708\" srcset=\"http:\/\/wgphoto.pl\/t\/wp-content\/uploads\/2025\/02\/0902-0.jpg 990w, http:\/\/wgphoto.pl\/t\/wp-content\/uploads\/2025\/02\/0902-0-300x200.jpg 300w, http:\/\/wgphoto.pl\/t\/wp-content\/uploads\/2025\/02\/0902-0-768x512.jpg 768w\" sizes=\"auto, (max-width: 990px) 100vw, 990px\" \/><\/figure>\n\n\n\n<div class=\"wp-block-group has-global-padding is-layout-constrained wp-block-group-is-layout-constrained\">\n<p>Praga, Podolsk\u00e9 n\u00e1b\u0159e\u017e\u00ed. W\u00f3z KT8D5.RN2P 9067 (czyli KT8D5 9017 po modernizacji) wyje\u017cd\u017ca z tunelu pod Wyszehradem. 15.02.2009<\/p>\n<\/div>\n","protected":false},"excerpt":{"rendered":"<p>Praga, Podolsk\u00e9 n\u00e1b\u0159e\u017e\u00ed. W\u00f3z KT8D5.RN2P 9067 (czyli KT8D5 9017 po modernizacji) wyje\u017cd\u017ca z tunelu pod Wyszehradem. 15.02.2009<\/p>\n","protected":false},"author":1,"featured_media":11708,"comment_status":"open","ping_status":"","sticky":false,"template":"","format":"standard","meta":{"footnotes":""},"categories":[62,169,3],"tags":[1379,49,1049,52,244,1075,15],"class_list":["post-11707","post","type-post","status-publish","format-standard","has-post-thumbnail","hentry","category-analog","category-rok-2009","category-tramwaj","tag-2009-02-15","tag-czechy","tag-dp-praha","tag-praga","tag-skaly","tag-tatra-kt8","tag-tunel"],"_links":{"self":[{"href":"http:\/\/wgphoto.pl\/t\/index.php?rest_route=\/wp\/v2\/posts\/11707","targetHints":{"allow":["GET"]}}],"collection":[{"href":"http:\/\/wgphoto.pl\/t\/index.php?rest_route=\/wp\/v2\/posts"}],"about":[{"href":"http:\/\/wgphoto.pl\/t\/index.php?rest_route=\/wp\/v2\/types\/post"}],"author":[{"embeddable":true,"href":"http:\/\/wgphoto.pl\/t\/index.php?rest_route=\/wp\/v2\/users\/1"}],"replies":[{"embeddable":true,"href":"http:\/\/wgphoto.pl\/t\/index.php?rest_route=%2Fwp%2Fv2%2Fcomments&post=11707"}],"version-history":[{"count":1,"href":"http:\/\/wgphoto.pl\/t\/index.php?rest_route=\/wp\/v2\/posts\/11707\/revisions"}],"predecessor-version":[{"id":11709,"href":"http:\/\/wgphoto.pl\/t\/index.php?rest_route=\/wp\/v2\/posts\/11707\/revisions\/11709"}],"wp:featuredmedia":[{"embeddable":true,"href":"http:\/\/wgphoto.pl\/t\/index.php?rest_route=\/wp\/v2\/media\/11708"}],"wp:attachment":[{"href":"http:\/\/wgphoto.pl\/t\/index.php?rest_route=%2Fwp%2Fv2%2Fmedia&parent=11707"}],"wp:term":[{"taxonomy":"category","embeddable":true,"href":"http:\/\/wgphoto.pl\/t\/index.php?rest_route=%2Fwp%2Fv2%2Fcategories&post=11707"},{"taxonomy":"post_tag","embeddable":true,"href":"http:\/\/wgphoto.pl\/t\/index.php?rest_route=%2Fwp%2Fv2%2Ftags&post=11707"}],"curies":[{"name":"wp","href":"https:\/\/api.w.org\/{rel}","templated":true}]}}