{"id":11750,"date":"2025-02-09T15:07:06","date_gmt":"2025-02-09T14:07:06","guid":{"rendered":"https:\/\/wgphoto.pl\/t\/?p=11750"},"modified":"2025-02-09T15:07:06","modified_gmt":"2025-02-09T14:07:06","slug":"810-205-5-kamienna-gora","status":"publish","type":"post","link":"http:\/\/wgphoto.pl\/t\/?p=11750","title":{"rendered":"810 205-5, Kamienna G\u00f3ra"},"content":{"rendered":"\n<figure class=\"wp-block-image aligncenter size-full\"><img loading=\"lazy\" decoding=\"async\" width=\"990\" height=\"660\" src=\"https:\/\/wgphoto.pl\/t\/wp-content\/uploads\/2025\/02\/0736-16a.jpg\" alt=\"\" class=\"wp-image-11751\" srcset=\"http:\/\/wgphoto.pl\/t\/wp-content\/uploads\/2025\/02\/0736-16a.jpg 990w, http:\/\/wgphoto.pl\/t\/wp-content\/uploads\/2025\/02\/0736-16a-300x200.jpg 300w, http:\/\/wgphoto.pl\/t\/wp-content\/uploads\/2025\/02\/0736-16a-768x512.jpg 768w\" sizes=\"auto, (max-width: 990px) 100vw, 990px\" \/><\/figure>\n\n\n\n<div class=\"wp-block-group has-global-padding is-layout-constrained wp-block-group-is-layout-constrained\">\n<p>Promocyjny motorak wje\u017cd\u017ca do Kamiennej G\u00f3ry. Nied\u0142ugo po wykonaniu tego zdj\u0119cia lewy semafor, odnosz\u0105cy si\u0119 do nieczynnej linii z Kowar, zdemontowano. 27.10.2007<\/p>\n<\/div>\n","protected":false},"excerpt":{"rendered":"<p>Promocyjny motorak wje\u017cd\u017ca do Kamiennej G\u00f3ry. Nied\u0142ugo po wykonaniu tego zdj\u0119cia lewy semafor, odnosz\u0105cy si\u0119 do nieczynnej linii z Kowar, zdemontowano. 27.10.2007<\/p>\n","protected":false},"author":1,"featured_media":11751,"comment_status":"open","ping_status":"","sticky":false,"template":"","format":"standard","meta":{"footnotes":""},"categories":[62,2,96],"tags":[782,92,249,933,629,173,27,53,627],"class_list":["post-11750","post","type-post","status-publish","format-standard","has-post-thumbnail","hentry","category-analog","category-kolej","category-rok-2007","tag-2007-10-27","tag-92","tag-goscinne-wystepy","tag-gwtr","tag-kamienna-gora","tag-koncowki","tag-polska","tag-sygnalizacja-ksztaltowa","tag-tab-pl247"],"_links":{"self":[{"href":"http:\/\/wgphoto.pl\/t\/index.php?rest_route=\/wp\/v2\/posts\/11750","targetHints":{"allow":["GET"]}}],"collection":[{"href":"http:\/\/wgphoto.pl\/t\/index.php?rest_route=\/wp\/v2\/posts"}],"about":[{"href":"http:\/\/wgphoto.pl\/t\/index.php?rest_route=\/wp\/v2\/types\/post"}],"author":[{"embeddable":true,"href":"http:\/\/wgphoto.pl\/t\/index.php?rest_route=\/wp\/v2\/users\/1"}],"replies":[{"embeddable":true,"href":"http:\/\/wgphoto.pl\/t\/index.php?rest_route=%2Fwp%2Fv2%2Fcomments&post=11750"}],"version-history":[{"count":1,"href":"http:\/\/wgphoto.pl\/t\/index.php?rest_route=\/wp\/v2\/posts\/11750\/revisions"}],"predecessor-version":[{"id":11752,"href":"http:\/\/wgphoto.pl\/t\/index.php?rest_route=\/wp\/v2\/posts\/11750\/revisions\/11752"}],"wp:featuredmedia":[{"embeddable":true,"href":"http:\/\/wgphoto.pl\/t\/index.php?rest_route=\/wp\/v2\/media\/11751"}],"wp:attachment":[{"href":"http:\/\/wgphoto.pl\/t\/index.php?rest_route=%2Fwp%2Fv2%2Fmedia&parent=11750"}],"wp:term":[{"taxonomy":"category","embeddable":true,"href":"http:\/\/wgphoto.pl\/t\/index.php?rest_route=%2Fwp%2Fv2%2Fcategories&post=11750"},{"taxonomy":"post_tag","embeddable":true,"href":"http:\/\/wgphoto.pl\/t\/index.php?rest_route=%2Fwp%2Fv2%2Ftags&post=11750"}],"curies":[{"name":"wp","href":"https:\/\/api.w.org\/{rel}","templated":true}]}}