{"id":11770,"date":"2025-02-09T21:29:39","date_gmt":"2025-02-09T20:29:39","guid":{"rendered":"https:\/\/wgphoto.pl\/t\/?p=11770"},"modified":"2025-02-09T21:29:39","modified_gmt":"2025-02-09T20:29:39","slug":"alghero","status":"publish","type":"post","link":"http:\/\/wgphoto.pl\/t\/?p=11770","title":{"rendered":"Alghero"},"content":{"rendered":"\n<figure class=\"wp-block-image aligncenter size-full\"><img loading=\"lazy\" decoding=\"async\" width=\"1200\" height=\"803\" src=\"https:\/\/wgphoto.pl\/t\/wp-content\/uploads\/2025\/02\/imgp7405.jpg\" alt=\"\" class=\"wp-image-11772\" srcset=\"http:\/\/wgphoto.pl\/t\/wp-content\/uploads\/2025\/02\/imgp7405.jpg 1200w, http:\/\/wgphoto.pl\/t\/wp-content\/uploads\/2025\/02\/imgp7405-300x201.jpg 300w, http:\/\/wgphoto.pl\/t\/wp-content\/uploads\/2025\/02\/imgp7405-768x514.jpg 768w\" sizes=\"auto, (max-width: 1200px) 100vw, 1200px\" \/><\/figure>\n\n\n\n<div class=\"wp-block-group has-global-padding is-layout-constrained wp-block-group-is-layout-constrained\">\n<p>Niewielka stacyjka w Alghero, gdzie dociera w\u0105skotorowa linia z Sassari, stanowi jeden z &#8222;kolejowych ko\u0144c\u00f3w \u015bwiata&#8221; na Sardynii. Poci\u0105g nr 80 do Sassari za chwil\u0119 odjedzie ze stacji pocz\u0105tkowej. 2012-03-23<\/p>\n<\/div>\n","protected":false},"excerpt":{"rendered":"<p>Niewielka stacyjka w Alghero, gdzie dociera w\u0105skotorowa linia z Sassari, stanowi jeden z &#8222;kolejowych ko\u0144c\u00f3w \u015bwiata&#8221; na Sardynii. Poci\u0105g nr 80 do Sassari za chwil\u0119 odjedzie ze stacji pocz\u0105tkowej. 2012-03-23<\/p>\n","protected":false},"author":1,"featured_media":11772,"comment_status":"open","ping_status":"","sticky":false,"template":"","format":"standard","meta":{"footnotes":""},"categories":[2,46],"tags":[1692,3142,1693,154,1691,110],"class_list":["post-11770","post","type-post","status-publish","format-standard","has-post-thumbnail","hentry","category-kolej","category-rok-2012","tag-2012-03-23","tag-alghero","tag-fds-cagliari","tag-noc","tag-sardynia","tag-wlochy"],"_links":{"self":[{"href":"http:\/\/wgphoto.pl\/t\/index.php?rest_route=\/wp\/v2\/posts\/11770","targetHints":{"allow":["GET"]}}],"collection":[{"href":"http:\/\/wgphoto.pl\/t\/index.php?rest_route=\/wp\/v2\/posts"}],"about":[{"href":"http:\/\/wgphoto.pl\/t\/index.php?rest_route=\/wp\/v2\/types\/post"}],"author":[{"embeddable":true,"href":"http:\/\/wgphoto.pl\/t\/index.php?rest_route=\/wp\/v2\/users\/1"}],"replies":[{"embeddable":true,"href":"http:\/\/wgphoto.pl\/t\/index.php?rest_route=%2Fwp%2Fv2%2Fcomments&post=11770"}],"version-history":[{"count":1,"href":"http:\/\/wgphoto.pl\/t\/index.php?rest_route=\/wp\/v2\/posts\/11770\/revisions"}],"predecessor-version":[{"id":11773,"href":"http:\/\/wgphoto.pl\/t\/index.php?rest_route=\/wp\/v2\/posts\/11770\/revisions\/11773"}],"wp:featuredmedia":[{"embeddable":true,"href":"http:\/\/wgphoto.pl\/t\/index.php?rest_route=\/wp\/v2\/media\/11772"}],"wp:attachment":[{"href":"http:\/\/wgphoto.pl\/t\/index.php?rest_route=%2Fwp%2Fv2%2Fmedia&parent=11770"}],"wp:term":[{"taxonomy":"category","embeddable":true,"href":"http:\/\/wgphoto.pl\/t\/index.php?rest_route=%2Fwp%2Fv2%2Fcategories&post=11770"},{"taxonomy":"post_tag","embeddable":true,"href":"http:\/\/wgphoto.pl\/t\/index.php?rest_route=%2Fwp%2Fv2%2Ftags&post=11770"}],"curies":[{"name":"wp","href":"https:\/\/api.w.org\/{rel}","templated":true}]}}