{"id":11793,"date":"2025-02-09T21:43:59","date_gmt":"2025-02-09T20:43:59","guid":{"rendered":"https:\/\/wgphoto.pl\/t\/?p=11793"},"modified":"2025-11-10T11:39:48","modified_gmt":"2025-11-10T10:39:48","slug":"jesenik","status":"publish","type":"post","link":"http:\/\/wgphoto.pl\/t\/?p=11793","title":{"rendered":"Jesen\u00edk"},"content":{"rendered":"\n<figure class=\"wp-block-image aligncenter size-full\"><img loading=\"lazy\" decoding=\"async\" width=\"1400\" height=\"937\" src=\"https:\/\/wgphoto.pl\/t\/wp-content\/uploads\/2025\/02\/IMGP0448.jpg\" alt=\"\" class=\"wp-image-22312\" srcset=\"http:\/\/wgphoto.pl\/t\/wp-content\/uploads\/2025\/02\/IMGP0448.jpg 1400w, http:\/\/wgphoto.pl\/t\/wp-content\/uploads\/2025\/02\/IMGP0448-300x201.jpg 300w, http:\/\/wgphoto.pl\/t\/wp-content\/uploads\/2025\/02\/IMGP0448-768x514.jpg 768w\" sizes=\"auto, (max-width: 1400px) 100vw, 1400px\" \/><\/figure>\n\n\n\n<div class=\"wp-block-group has-global-padding is-layout-constrained wp-block-group-is-layout-constrained\">\n<p>749 246-5 prowadzi bezimienny rychl\u00edk 904 rel. Jesen\u00edk &#8211; Brno hl.n., kt\u00f3ry opu\u015bci\u0142 widoczny w tle Jesen\u00edk i zbli\u017ca si\u0119 do Lipov\u00e9 L\u00e1zn\u00ed. 2009-10-27<\/p>\n<\/div>\n","protected":false},"excerpt":{"rendered":"<p>749 246-5 prowadzi bezimienny rychl\u00edk 904 rel. Jesen\u00edk &#8211; Brno hl.n., kt\u00f3ry opu\u015bci\u0142 widoczny w tle Jesen\u00edk i zbli\u017ca si\u0119 do Lipov\u00e9 L\u00e1zn\u00ed. 2009-10-27<\/p>\n","protected":false},"author":1,"featured_media":22312,"comment_status":"open","ping_status":"","sticky":false,"template":"","format":"standard","meta":{"footnotes":""},"categories":[2,169],"tags":[1979,1058,50,49,114,126,1495,167],"class_list":["post-11793","post","type-post","status-publish","format-standard","has-post-thumbnail","hentry","category-kolej","category-rok-2009","tag-2009-10-27","tag-1058","tag-cd","tag-czechy","tag-gory","tag-jesien","tag-lipova-lazne","tag-tab-cz292"],"_links":{"self":[{"href":"http:\/\/wgphoto.pl\/t\/index.php?rest_route=\/wp\/v2\/posts\/11793","targetHints":{"allow":["GET"]}}],"collection":[{"href":"http:\/\/wgphoto.pl\/t\/index.php?rest_route=\/wp\/v2\/posts"}],"about":[{"href":"http:\/\/wgphoto.pl\/t\/index.php?rest_route=\/wp\/v2\/types\/post"}],"author":[{"embeddable":true,"href":"http:\/\/wgphoto.pl\/t\/index.php?rest_route=\/wp\/v2\/users\/1"}],"replies":[{"embeddable":true,"href":"http:\/\/wgphoto.pl\/t\/index.php?rest_route=%2Fwp%2Fv2%2Fcomments&post=11793"}],"version-history":[{"count":2,"href":"http:\/\/wgphoto.pl\/t\/index.php?rest_route=\/wp\/v2\/posts\/11793\/revisions"}],"predecessor-version":[{"id":22313,"href":"http:\/\/wgphoto.pl\/t\/index.php?rest_route=\/wp\/v2\/posts\/11793\/revisions\/22313"}],"wp:featuredmedia":[{"embeddable":true,"href":"http:\/\/wgphoto.pl\/t\/index.php?rest_route=\/wp\/v2\/media\/22312"}],"wp:attachment":[{"href":"http:\/\/wgphoto.pl\/t\/index.php?rest_route=%2Fwp%2Fv2%2Fmedia&parent=11793"}],"wp:term":[{"taxonomy":"category","embeddable":true,"href":"http:\/\/wgphoto.pl\/t\/index.php?rest_route=%2Fwp%2Fv2%2Fcategories&post=11793"},{"taxonomy":"post_tag","embeddable":true,"href":"http:\/\/wgphoto.pl\/t\/index.php?rest_route=%2Fwp%2Fv2%2Ftags&post=11793"}],"curies":[{"name":"wp","href":"https:\/\/api.w.org\/{rel}","templated":true}]}}