{"id":11832,"date":"2025-02-09T23:03:14","date_gmt":"2025-02-09T22:03:14","guid":{"rendered":"https:\/\/wgphoto.pl\/t\/?p=11832"},"modified":"2025-02-09T23:03:14","modified_gmt":"2025-02-09T22:03:14","slug":"e2c5-nr-40401440","status":"publish","type":"post","link":"http:\/\/wgphoto.pl\/t\/?p=11832","title":{"rendered":"E2+c5 nr 4040+1440"},"content":{"rendered":"\n<figure class=\"wp-block-image aligncenter size-full\"><img loading=\"lazy\" decoding=\"async\" width=\"1300\" height=\"870\" src=\"https:\/\/wgphoto.pl\/t\/wp-content\/uploads\/2025\/02\/imgp8341-12.jpg\" alt=\"\" class=\"wp-image-11833\" srcset=\"http:\/\/wgphoto.pl\/t\/wp-content\/uploads\/2025\/02\/imgp8341-12.jpg 1300w, http:\/\/wgphoto.pl\/t\/wp-content\/uploads\/2025\/02\/imgp8341-12-300x201.jpg 300w, http:\/\/wgphoto.pl\/t\/wp-content\/uploads\/2025\/02\/imgp8341-12-768x514.jpg 768w\" sizes=\"auto, (max-width: 1300px) 100vw, 1300px\" \/><\/figure>\n\n\n\n<div class=\"wp-block-group has-global-padding is-layout-constrained wp-block-group-is-layout-constrained\">\n<p>Tytu\u0142owy sk\u0142ad obs\u0142uguj\u0105c jedn\u0105 z d\u0142u\u017cszych wiede\u0144skich linii tramwajowych (a\u017c 45 minut &#8222;przelotu&#8221;, podczas gdy \u015brednia nie przekracza chyba minut trzydziestu) wspina si\u0119 Breitenfurter Stra\u00dfe w kierunku centrum miasta. Chc\u0105c fotografowa\u0107 krajobrazy w s\u0142o\u0144cu nale\u017cy konkretne miejsca odwiedza\u0107 o odpowiednich porach dnia, co raczej nie u\u0142atwia zadania. Upatrzony wcze\u015bniej kadr nierzadko jest bowiem korzystniej &#8222;zdj\u0105\u0107&#8221; o innej porze ni\u017c owo upatrzenie nast\u0105pi\u0142o, trzeba si\u0119 wi\u0119c pofatygowa\u0107 w teren po raz drugi. Ten akurat motyw dzia\u0142a tylko z rana. 2012-05-27<\/p>\n<\/div>\n","protected":false},"excerpt":{"rendered":"<p>Tytu\u0142owy sk\u0142ad obs\u0142uguj\u0105c jedn\u0105 z d\u0142u\u017cszych wiede\u0144skich linii tramwajowych (a\u017c 45 minut &#8222;przelotu&#8221;, podczas gdy \u015brednia nie przekracza chyba minut trzydziestu) wspina si\u0119 Breitenfurter Stra\u00dfe w kierunku centrum miasta. Chc\u0105c fotografowa\u0107 krajobrazy w s\u0142o\u0144cu nale\u017cy konkretne miejsca odwiedza\u0107 o odpowiednich porach dnia, co raczej nie u\u0142atwia zadania. Upatrzony wcze\u015bniej kadr nierzadko jest bowiem korzystniej &#8222;zdj\u0105\u0107&#8221; [&hellip;]<\/p>\n","protected":false},"author":1,"featured_media":11833,"comment_status":"open","ping_status":"","sticky":false,"template":"","format":"standard","meta":{"footnotes":""},"categories":[46,3],"tags":[1796,9,581,101,113,118,97,98],"class_list":["post-11832","post","type-post","status-publish","format-standard","has-post-thumbnail","hentry","category-rok-2012","category-tramwaj","tag-2012-05-27","tag-austria","tag-e2","tag-gt6","tag-landszaft","tag-plany-i-profile","tag-wieden","tag-wiener-linien"],"_links":{"self":[{"href":"http:\/\/wgphoto.pl\/t\/index.php?rest_route=\/wp\/v2\/posts\/11832","targetHints":{"allow":["GET"]}}],"collection":[{"href":"http:\/\/wgphoto.pl\/t\/index.php?rest_route=\/wp\/v2\/posts"}],"about":[{"href":"http:\/\/wgphoto.pl\/t\/index.php?rest_route=\/wp\/v2\/types\/post"}],"author":[{"embeddable":true,"href":"http:\/\/wgphoto.pl\/t\/index.php?rest_route=\/wp\/v2\/users\/1"}],"replies":[{"embeddable":true,"href":"http:\/\/wgphoto.pl\/t\/index.php?rest_route=%2Fwp%2Fv2%2Fcomments&post=11832"}],"version-history":[{"count":1,"href":"http:\/\/wgphoto.pl\/t\/index.php?rest_route=\/wp\/v2\/posts\/11832\/revisions"}],"predecessor-version":[{"id":11834,"href":"http:\/\/wgphoto.pl\/t\/index.php?rest_route=\/wp\/v2\/posts\/11832\/revisions\/11834"}],"wp:featuredmedia":[{"embeddable":true,"href":"http:\/\/wgphoto.pl\/t\/index.php?rest_route=\/wp\/v2\/media\/11833"}],"wp:attachment":[{"href":"http:\/\/wgphoto.pl\/t\/index.php?rest_route=%2Fwp%2Fv2%2Fmedia&parent=11832"}],"wp:term":[{"taxonomy":"category","embeddable":true,"href":"http:\/\/wgphoto.pl\/t\/index.php?rest_route=%2Fwp%2Fv2%2Fcategories&post=11832"},{"taxonomy":"post_tag","embeddable":true,"href":"http:\/\/wgphoto.pl\/t\/index.php?rest_route=%2Fwp%2Fv2%2Ftags&post=11832"}],"curies":[{"name":"wp","href":"https:\/\/api.w.org\/{rel}","templated":true}]}}