{"id":11880,"date":"2025-02-09T23:21:55","date_gmt":"2025-02-09T22:21:55","guid":{"rendered":"https:\/\/wgphoto.pl\/t\/?p=11880"},"modified":"2025-02-09T23:21:55","modified_gmt":"2025-02-09T22:21:55","slug":"wiedenczyk-w-sarajewie-iii","status":"publish","type":"post","link":"http:\/\/wgphoto.pl\/t\/?p=11880","title":{"rendered":"Wiede\u0144czyk w Sarajewie III"},"content":{"rendered":"\n<figure class=\"wp-block-image aligncenter size-full\"><img loading=\"lazy\" decoding=\"async\" width=\"900\" height=\"600\" src=\"https:\/\/wgphoto.pl\/t\/wp-content\/uploads\/2025\/02\/imgp3546-2.jpg\" alt=\"\" class=\"wp-image-11881\" srcset=\"http:\/\/wgphoto.pl\/t\/wp-content\/uploads\/2025\/02\/imgp3546-2.jpg 900w, http:\/\/wgphoto.pl\/t\/wp-content\/uploads\/2025\/02\/imgp3546-2-300x200.jpg 300w, http:\/\/wgphoto.pl\/t\/wp-content\/uploads\/2025\/02\/imgp3546-2-768x512.jpg 768w\" sizes=\"auto, (max-width: 900px) 100vw, 900px\" \/><\/figure>\n\n\n\n<div class=\"wp-block-group has-global-padding is-layout-constrained wp-block-group-is-layout-constrained\">\n<p>Wagon 712 (ex 4422) zosta\u0142 w Sarajewie odmalowany w wiede\u0144ski, bia\u0142o-czerwony schemat oraz otrzyma\u0142 sprz\u0119gi kompatybilne z najpopularniejszymi tutaj wagonami produkcji czechos\u0142owackiej. Na zdj\u0119ciu zosta\u0142 przy\u0142apany na ulicy Mar\u0161ala Tita w obs\u0142udze linii 1, \u0142\u0105cz\u0105cej centrum miasta z dworcem kolejowym. 24.08.2011<\/p>\n<\/div>\n","protected":false},"excerpt":{"rendered":"<p>Wagon 712 (ex 4422) zosta\u0142 w Sarajewie odmalowany w wiede\u0144ski, bia\u0142o-czerwony schemat oraz otrzyma\u0142 sprz\u0119gi kompatybilne z najpopularniejszymi tutaj wagonami produkcji czechos\u0142owackiej. Na zdj\u0119ciu zosta\u0142 przy\u0142apany na ulicy Mar\u0161ala Tita w obs\u0142udze linii 1, \u0142\u0105cz\u0105cej centrum miasta z dworcem kolejowym. 24.08.2011<\/p>\n","protected":false},"author":1,"featured_media":11881,"comment_status":"open","ping_status":"","sticky":false,"template":"","format":"standard","meta":{"footnotes":""},"categories":[77,3],"tags":[450,34,447,449,1522,101,448],"class_list":["post-11880","post","type-post","status-publish","format-standard","has-post-thumbnail","hentry","category-rok-2011","category-tramwaj","tag-2011-08-24","tag-architektura","tag-bosnia-i-hercegowina","tag-e","tag-gras-sarajevo","tag-gt6","tag-sarajewo"],"_links":{"self":[{"href":"http:\/\/wgphoto.pl\/t\/index.php?rest_route=\/wp\/v2\/posts\/11880","targetHints":{"allow":["GET"]}}],"collection":[{"href":"http:\/\/wgphoto.pl\/t\/index.php?rest_route=\/wp\/v2\/posts"}],"about":[{"href":"http:\/\/wgphoto.pl\/t\/index.php?rest_route=\/wp\/v2\/types\/post"}],"author":[{"embeddable":true,"href":"http:\/\/wgphoto.pl\/t\/index.php?rest_route=\/wp\/v2\/users\/1"}],"replies":[{"embeddable":true,"href":"http:\/\/wgphoto.pl\/t\/index.php?rest_route=%2Fwp%2Fv2%2Fcomments&post=11880"}],"version-history":[{"count":1,"href":"http:\/\/wgphoto.pl\/t\/index.php?rest_route=\/wp\/v2\/posts\/11880\/revisions"}],"predecessor-version":[{"id":11882,"href":"http:\/\/wgphoto.pl\/t\/index.php?rest_route=\/wp\/v2\/posts\/11880\/revisions\/11882"}],"wp:featuredmedia":[{"embeddable":true,"href":"http:\/\/wgphoto.pl\/t\/index.php?rest_route=\/wp\/v2\/media\/11881"}],"wp:attachment":[{"href":"http:\/\/wgphoto.pl\/t\/index.php?rest_route=%2Fwp%2Fv2%2Fmedia&parent=11880"}],"wp:term":[{"taxonomy":"category","embeddable":true,"href":"http:\/\/wgphoto.pl\/t\/index.php?rest_route=%2Fwp%2Fv2%2Fcategories&post=11880"},{"taxonomy":"post_tag","embeddable":true,"href":"http:\/\/wgphoto.pl\/t\/index.php?rest_route=%2Fwp%2Fv2%2Ftags&post=11880"}],"curies":[{"name":"wp","href":"https:\/\/api.w.org\/{rel}","templated":true}]}}