{"id":11895,"date":"2025-02-09T23:27:43","date_gmt":"2025-02-09T22:27:43","guid":{"rendered":"https:\/\/wgphoto.pl\/t\/?p=11895"},"modified":"2025-02-09T23:27:43","modified_gmt":"2025-02-09T22:27:43","slug":"t3su-nr-56545653","status":"publish","type":"post","link":"http:\/\/wgphoto.pl\/t\/?p=11895","title":{"rendered":"T3SU nr 5654+5653"},"content":{"rendered":"\n<figure class=\"wp-block-image aligncenter size-full\"><img loading=\"lazy\" decoding=\"async\" width=\"900\" height=\"600\" src=\"https:\/\/wgphoto.pl\/t\/wp-content\/uploads\/2025\/02\/imgp5293.jpg\" alt=\"\" class=\"wp-image-11896\" srcset=\"http:\/\/wgphoto.pl\/t\/wp-content\/uploads\/2025\/02\/imgp5293.jpg 900w, http:\/\/wgphoto.pl\/t\/wp-content\/uploads\/2025\/02\/imgp5293-300x200.jpg 300w, http:\/\/wgphoto.pl\/t\/wp-content\/uploads\/2025\/02\/imgp5293-768x512.jpg 768w\" sizes=\"auto, (max-width: 900px) 100vw, 900px\" \/><\/figure>\n\n\n\n<div class=\"wp-block-group has-global-padding is-layout-constrained wp-block-group-is-layout-constrained\">\n<p>Jeszcze jedno uj\u0119cie z Pozniak\u00f3w dla mi\u0142o\u015bnik\u00f3w sowieckiej architektury. 03.08.2010<\/p>\n<\/div>\n","protected":false},"excerpt":{"rendered":"<p>Jeszcze jedno uj\u0119cie z Pozniak\u00f3w dla mi\u0142o\u015bnik\u00f3w sowieckiej architektury. 03.08.2010<\/p>\n","protected":false},"author":1,"featured_media":11896,"comment_status":"open","ping_status":"","sticky":false,"template":"","format":"standard","meta":{"footnotes":""},"categories":[86,3],"tags":[2075,452,1011,453],"class_list":["post-11895","post","type-post","status-publish","format-standard","has-post-thumbnail","hentry","category-rok-2010","category-tramwaj","tag-2010-08-03","tag-kijow","tag-tatra-t3","tag-ukraina"],"_links":{"self":[{"href":"http:\/\/wgphoto.pl\/t\/index.php?rest_route=\/wp\/v2\/posts\/11895","targetHints":{"allow":["GET"]}}],"collection":[{"href":"http:\/\/wgphoto.pl\/t\/index.php?rest_route=\/wp\/v2\/posts"}],"about":[{"href":"http:\/\/wgphoto.pl\/t\/index.php?rest_route=\/wp\/v2\/types\/post"}],"author":[{"embeddable":true,"href":"http:\/\/wgphoto.pl\/t\/index.php?rest_route=\/wp\/v2\/users\/1"}],"replies":[{"embeddable":true,"href":"http:\/\/wgphoto.pl\/t\/index.php?rest_route=%2Fwp%2Fv2%2Fcomments&post=11895"}],"version-history":[{"count":1,"href":"http:\/\/wgphoto.pl\/t\/index.php?rest_route=\/wp\/v2\/posts\/11895\/revisions"}],"predecessor-version":[{"id":11897,"href":"http:\/\/wgphoto.pl\/t\/index.php?rest_route=\/wp\/v2\/posts\/11895\/revisions\/11897"}],"wp:featuredmedia":[{"embeddable":true,"href":"http:\/\/wgphoto.pl\/t\/index.php?rest_route=\/wp\/v2\/media\/11896"}],"wp:attachment":[{"href":"http:\/\/wgphoto.pl\/t\/index.php?rest_route=%2Fwp%2Fv2%2Fmedia&parent=11895"}],"wp:term":[{"taxonomy":"category","embeddable":true,"href":"http:\/\/wgphoto.pl\/t\/index.php?rest_route=%2Fwp%2Fv2%2Fcategories&post=11895"},{"taxonomy":"post_tag","embeddable":true,"href":"http:\/\/wgphoto.pl\/t\/index.php?rest_route=%2Fwp%2Fv2%2Ftags&post=11895"}],"curies":[{"name":"wp","href":"https:\/\/api.w.org\/{rel}","templated":true}]}}