{"id":11898,"date":"2025-02-09T23:28:33","date_gmt":"2025-02-09T22:28:33","guid":{"rendered":"https:\/\/wgphoto.pl\/t\/?p=11898"},"modified":"2025-02-09T23:28:33","modified_gmt":"2025-02-09T22:28:33","slug":"t3su-nr-53955664","status":"publish","type":"post","link":"http:\/\/wgphoto.pl\/t\/?p=11898","title":{"rendered":"T3SU nr 5395+5664"},"content":{"rendered":"\n<figure class=\"wp-block-image aligncenter size-full\"><img loading=\"lazy\" decoding=\"async\" width=\"900\" height=\"600\" src=\"https:\/\/wgphoto.pl\/t\/wp-content\/uploads\/2025\/02\/imgp5295.jpg\" alt=\"\" class=\"wp-image-11899\" srcset=\"http:\/\/wgphoto.pl\/t\/wp-content\/uploads\/2025\/02\/imgp5295.jpg 900w, http:\/\/wgphoto.pl\/t\/wp-content\/uploads\/2025\/02\/imgp5295-300x200.jpg 300w, http:\/\/wgphoto.pl\/t\/wp-content\/uploads\/2025\/02\/imgp5295-768x512.jpg 768w\" sizes=\"auto, (max-width: 900px) 100vw, 900px\" \/><\/figure>\n\n\n\n<div class=\"wp-block-group has-global-padding is-layout-constrained wp-block-group-is-layout-constrained\">\n<p>Dalszy ci\u0105g trasy linii 8, nieco bli\u017cej Darnicy, b\u0119d\u0105cej &#8222;centrum&#8221; lewobrze\u017cnego Kijowa. Tu wsz\u0119dzie stoj\u0105 bloki. W ramach ciekawostki wida\u0107 natomiast, \u017ce tramwaje w Kijowie miewaj\u0105 sygnalizacj\u0119 tr\u00f3jbarwn\u0105. 03.08.2010<\/p>\n<\/div>\n","protected":false},"excerpt":{"rendered":"<p>Dalszy ci\u0105g trasy linii 8, nieco bli\u017cej Darnicy, b\u0119d\u0105cej &#8222;centrum&#8221; lewobrze\u017cnego Kijowa. Tu wsz\u0119dzie stoj\u0105 bloki. W ramach ciekawostki wida\u0107 natomiast, \u017ce tramwaje w Kijowie miewaj\u0105 sygnalizacj\u0119 tr\u00f3jbarwn\u0105. 03.08.2010<\/p>\n","protected":false},"author":1,"featured_media":11899,"comment_status":"open","ping_status":"","sticky":false,"template":"","format":"standard","meta":{"footnotes":""},"categories":[86,3],"tags":[2075,452,1011,453],"class_list":["post-11898","post","type-post","status-publish","format-standard","has-post-thumbnail","hentry","category-rok-2010","category-tramwaj","tag-2010-08-03","tag-kijow","tag-tatra-t3","tag-ukraina"],"_links":{"self":[{"href":"http:\/\/wgphoto.pl\/t\/index.php?rest_route=\/wp\/v2\/posts\/11898","targetHints":{"allow":["GET"]}}],"collection":[{"href":"http:\/\/wgphoto.pl\/t\/index.php?rest_route=\/wp\/v2\/posts"}],"about":[{"href":"http:\/\/wgphoto.pl\/t\/index.php?rest_route=\/wp\/v2\/types\/post"}],"author":[{"embeddable":true,"href":"http:\/\/wgphoto.pl\/t\/index.php?rest_route=\/wp\/v2\/users\/1"}],"replies":[{"embeddable":true,"href":"http:\/\/wgphoto.pl\/t\/index.php?rest_route=%2Fwp%2Fv2%2Fcomments&post=11898"}],"version-history":[{"count":1,"href":"http:\/\/wgphoto.pl\/t\/index.php?rest_route=\/wp\/v2\/posts\/11898\/revisions"}],"predecessor-version":[{"id":11900,"href":"http:\/\/wgphoto.pl\/t\/index.php?rest_route=\/wp\/v2\/posts\/11898\/revisions\/11900"}],"wp:featuredmedia":[{"embeddable":true,"href":"http:\/\/wgphoto.pl\/t\/index.php?rest_route=\/wp\/v2\/media\/11899"}],"wp:attachment":[{"href":"http:\/\/wgphoto.pl\/t\/index.php?rest_route=%2Fwp%2Fv2%2Fmedia&parent=11898"}],"wp:term":[{"taxonomy":"category","embeddable":true,"href":"http:\/\/wgphoto.pl\/t\/index.php?rest_route=%2Fwp%2Fv2%2Fcategories&post=11898"},{"taxonomy":"post_tag","embeddable":true,"href":"http:\/\/wgphoto.pl\/t\/index.php?rest_route=%2Fwp%2Fv2%2Ftags&post=11898"}],"curies":[{"name":"wp","href":"https:\/\/api.w.org\/{rel}","templated":true}]}}