{"id":11982,"date":"2025-02-11T19:29:02","date_gmt":"2025-02-11T18:29:02","guid":{"rendered":"https:\/\/wgphoto.pl\/t\/?p=11982"},"modified":"2025-02-11T19:29:02","modified_gmt":"2025-02-11T18:29:02","slug":"kamienna-dziura-ii","status":"publish","type":"post","link":"http:\/\/wgphoto.pl\/t\/?p=11982","title":{"rendered":"Kamienna Dziura II"},"content":{"rendered":"\n<figure class=\"wp-block-image aligncenter size-full\"><img loading=\"lazy\" decoding=\"async\" width=\"1200\" height=\"803\" src=\"https:\/\/wgphoto.pl\/t\/wp-content\/uploads\/2025\/02\/imgp9137.jpg\" alt=\"\" class=\"wp-image-11983\" srcset=\"http:\/\/wgphoto.pl\/t\/wp-content\/uploads\/2025\/02\/imgp9137.jpg 1200w, http:\/\/wgphoto.pl\/t\/wp-content\/uploads\/2025\/02\/imgp9137-300x201.jpg 300w, http:\/\/wgphoto.pl\/t\/wp-content\/uploads\/2025\/02\/imgp9137-768x514.jpg 768w\" sizes=\"auto, (max-width: 1200px) 100vw, 1200px\" \/><\/figure>\n\n\n\n<div class=\"wp-block-group has-global-padding is-layout-constrained wp-block-group-is-layout-constrained\">\n<p>SA134-007 jako poci\u0105g osobowy 77141 z Trutnova hl.n. do Jeleniej G\u00f3ry wje\u017cd\u017ca do Kamiennej G\u00f3ry. 2009-08-30<\/p>\n<\/div>\n","protected":false},"excerpt":{"rendered":"<p>SA134-007 jako poci\u0105g osobowy 77141 z Trutnova hl.n. do Jeleniej G\u00f3ry wje\u017cd\u017ca do Kamiennej G\u00f3ry. 2009-08-30<\/p>\n","protected":false},"author":1,"featured_media":11983,"comment_status":"open","ping_status":"","sticky":false,"template":"","format":"standard","meta":{"footnotes":""},"categories":[2,169],"tags":[3156,629,63,27,2586,53,627],"class_list":["post-11982","post","type-post","status-publish","format-standard","has-post-thumbnail","hentry","category-kolej","category-rok-2009","tag-2009-08-30","tag-kamienna-gora","tag-pkp","tag-polska","tag-sa134","tag-sygnalizacja-ksztaltowa","tag-tab-pl247"],"_links":{"self":[{"href":"http:\/\/wgphoto.pl\/t\/index.php?rest_route=\/wp\/v2\/posts\/11982","targetHints":{"allow":["GET"]}}],"collection":[{"href":"http:\/\/wgphoto.pl\/t\/index.php?rest_route=\/wp\/v2\/posts"}],"about":[{"href":"http:\/\/wgphoto.pl\/t\/index.php?rest_route=\/wp\/v2\/types\/post"}],"author":[{"embeddable":true,"href":"http:\/\/wgphoto.pl\/t\/index.php?rest_route=\/wp\/v2\/users\/1"}],"replies":[{"embeddable":true,"href":"http:\/\/wgphoto.pl\/t\/index.php?rest_route=%2Fwp%2Fv2%2Fcomments&post=11982"}],"version-history":[{"count":1,"href":"http:\/\/wgphoto.pl\/t\/index.php?rest_route=\/wp\/v2\/posts\/11982\/revisions"}],"predecessor-version":[{"id":11984,"href":"http:\/\/wgphoto.pl\/t\/index.php?rest_route=\/wp\/v2\/posts\/11982\/revisions\/11984"}],"wp:featuredmedia":[{"embeddable":true,"href":"http:\/\/wgphoto.pl\/t\/index.php?rest_route=\/wp\/v2\/media\/11983"}],"wp:attachment":[{"href":"http:\/\/wgphoto.pl\/t\/index.php?rest_route=%2Fwp%2Fv2%2Fmedia&parent=11982"}],"wp:term":[{"taxonomy":"category","embeddable":true,"href":"http:\/\/wgphoto.pl\/t\/index.php?rest_route=%2Fwp%2Fv2%2Fcategories&post=11982"},{"taxonomy":"post_tag","embeddable":true,"href":"http:\/\/wgphoto.pl\/t\/index.php?rest_route=%2Fwp%2Fv2%2Ftags&post=11982"}],"curies":[{"name":"wp","href":"https:\/\/api.w.org\/{rel}","templated":true}]}}