{"id":12057,"date":"2025-02-13T22:02:31","date_gmt":"2025-02-13T21:02:31","guid":{"rendered":"https:\/\/wgphoto.pl\/t\/?p=12057"},"modified":"2025-02-13T22:02:31","modified_gmt":"2025-02-13T21:02:31","slug":"zima-w-janiszowie","status":"publish","type":"post","link":"http:\/\/wgphoto.pl\/t\/?p=12057","title":{"rendered":"Zima w Janiszowie"},"content":{"rendered":"\n<figure class=\"wp-block-image aligncenter size-full\"><img loading=\"lazy\" decoding=\"async\" width=\"900\" height=\"599\" src=\"https:\/\/wgphoto.pl\/t\/wp-content\/uploads\/2025\/02\/0306-03.jpg\" alt=\"\" class=\"wp-image-12058\" srcset=\"http:\/\/wgphoto.pl\/t\/wp-content\/uploads\/2025\/02\/0306-03.jpg 900w, http:\/\/wgphoto.pl\/t\/wp-content\/uploads\/2025\/02\/0306-03-300x200.jpg 300w, http:\/\/wgphoto.pl\/t\/wp-content\/uploads\/2025\/02\/0306-03-768x511.jpg 768w\" sizes=\"auto, (max-width: 900px) 100vw, 900px\" \/><\/figure>\n\n\n\n<div class=\"wp-block-group has-global-padding is-layout-constrained wp-block-group-is-layout-constrained\">\n<p>Odcinek B\u0142a\u017ckowa &#8211; Kamienna G\u00f3ra. SP32-149 z poc. 7732 rel. Lubawka &#8211; Wa\u0142brzych G\u0142. ponurego, zimowego popo\u0142udnia przeje\u017cd\u017ca bez zatrzymania przez pozbawiony przystanku kolejowego Janisz\u00f3w, mijaj\u0105c poniemieckie wiejskie zabudowania. 08.03.2003<\/p>\n<\/div>\n","protected":false},"excerpt":{"rendered":"<p>Odcinek B\u0142a\u017ckowa &#8211; Kamienna G\u00f3ra. SP32-149 z poc. 7732 rel. Lubawka &#8211; Wa\u0142brzych G\u0142. ponurego, zimowego popo\u0142udnia przeje\u017cd\u017ca bez zatrzymania przez pozbawiony przystanku kolejowego Janisz\u00f3w, mijaj\u0105c poniemieckie wiejskie zabudowania. 08.03.2003<\/p>\n","protected":false},"author":1,"featured_media":12058,"comment_status":"open","ping_status":"","sticky":false,"template":"","format":"standard","meta":{"footnotes":""},"categories":[62,2,149],"tags":[3177,626,629,63,27,44,385,627],"class_list":["post-12057","post","type-post","status-publish","format-standard","has-post-thumbnail","hentry","category-analog","category-kolej","category-rok-2003","tag-2003-03-08","tag-blazkowa","tag-kamienna-gora","tag-pkp","tag-polska","tag-snieg","tag-sp32","tag-tab-pl247"],"_links":{"self":[{"href":"http:\/\/wgphoto.pl\/t\/index.php?rest_route=\/wp\/v2\/posts\/12057","targetHints":{"allow":["GET"]}}],"collection":[{"href":"http:\/\/wgphoto.pl\/t\/index.php?rest_route=\/wp\/v2\/posts"}],"about":[{"href":"http:\/\/wgphoto.pl\/t\/index.php?rest_route=\/wp\/v2\/types\/post"}],"author":[{"embeddable":true,"href":"http:\/\/wgphoto.pl\/t\/index.php?rest_route=\/wp\/v2\/users\/1"}],"replies":[{"embeddable":true,"href":"http:\/\/wgphoto.pl\/t\/index.php?rest_route=%2Fwp%2Fv2%2Fcomments&post=12057"}],"version-history":[{"count":1,"href":"http:\/\/wgphoto.pl\/t\/index.php?rest_route=\/wp\/v2\/posts\/12057\/revisions"}],"predecessor-version":[{"id":12059,"href":"http:\/\/wgphoto.pl\/t\/index.php?rest_route=\/wp\/v2\/posts\/12057\/revisions\/12059"}],"wp:featuredmedia":[{"embeddable":true,"href":"http:\/\/wgphoto.pl\/t\/index.php?rest_route=\/wp\/v2\/media\/12058"}],"wp:attachment":[{"href":"http:\/\/wgphoto.pl\/t\/index.php?rest_route=%2Fwp%2Fv2%2Fmedia&parent=12057"}],"wp:term":[{"taxonomy":"category","embeddable":true,"href":"http:\/\/wgphoto.pl\/t\/index.php?rest_route=%2Fwp%2Fv2%2Fcategories&post=12057"},{"taxonomy":"post_tag","embeddable":true,"href":"http:\/\/wgphoto.pl\/t\/index.php?rest_route=%2Fwp%2Fv2%2Ftags&post=12057"}],"curies":[{"name":"wp","href":"https:\/\/api.w.org\/{rel}","templated":true}]}}