{"id":12109,"date":"2025-02-14T17:10:25","date_gmt":"2025-02-14T16:10:25","guid":{"rendered":"https:\/\/wgphoto.pl\/t\/?p=12109"},"modified":"2025-02-14T17:10:25","modified_gmt":"2025-02-14T16:10:25","slug":"tramwaj-nad-tybrem-ii","status":"publish","type":"post","link":"http:\/\/wgphoto.pl\/t\/?p=12109","title":{"rendered":"Tramwaj nad Tybrem II"},"content":{"rendered":"\n<figure class=\"wp-block-image aligncenter size-full\"><img loading=\"lazy\" decoding=\"async\" width=\"900\" height=\"599\" src=\"https:\/\/wgphoto.pl\/t\/wp-content\/uploads\/2025\/02\/imgp7517.jpg\" alt=\"\" class=\"wp-image-12110\" srcset=\"http:\/\/wgphoto.pl\/t\/wp-content\/uploads\/2025\/02\/imgp7517.jpg 900w, http:\/\/wgphoto.pl\/t\/wp-content\/uploads\/2025\/02\/imgp7517-300x200.jpg 300w, http:\/\/wgphoto.pl\/t\/wp-content\/uploads\/2025\/02\/imgp7517-768x511.jpg 768w\" sizes=\"auto, (max-width: 900px) 100vw, 900px\" \/><\/figure>\n\n\n\n<div class=\"wp-block-group has-global-padding is-layout-constrained wp-block-group-is-layout-constrained\">\n<p>Rzym, Ponte Garibaldi. 8 przeje\u017cd\u017ca z prawego na lewy brzeg Tybru. Najwy\u017csza wie\u017ca w kadrze nale\u017cy do Wielkiej Synagogi. 24.03.2012<\/p>\n<\/div>\n","protected":false},"excerpt":{"rendered":"<p>Rzym, Ponte Garibaldi. 8 przeje\u017cd\u017ca z prawego na lewy brzeg Tybru. Najwy\u017csza wie\u017ca w kadrze nale\u017cy do Wielkiej Synagogi. 24.03.2012<\/p>\n","protected":false},"author":1,"featured_media":12110,"comment_status":"open","ping_status":"","sticky":false,"template":"","format":"standard","meta":{"footnotes":""},"categories":[46,3],"tags":[1114,1029,3185,45,73,1031,110],"class_list":["post-12109","post","type-post","status-publish","format-standard","has-post-thumbnail","hentry","category-rok-2012","category-tramwaj","tag-2012-03-24","tag-atac-roma","tag-fiat-cityway-ii","tag-most","tag-rzeka","tag-rzym","tag-wlochy"],"_links":{"self":[{"href":"http:\/\/wgphoto.pl\/t\/index.php?rest_route=\/wp\/v2\/posts\/12109","targetHints":{"allow":["GET"]}}],"collection":[{"href":"http:\/\/wgphoto.pl\/t\/index.php?rest_route=\/wp\/v2\/posts"}],"about":[{"href":"http:\/\/wgphoto.pl\/t\/index.php?rest_route=\/wp\/v2\/types\/post"}],"author":[{"embeddable":true,"href":"http:\/\/wgphoto.pl\/t\/index.php?rest_route=\/wp\/v2\/users\/1"}],"replies":[{"embeddable":true,"href":"http:\/\/wgphoto.pl\/t\/index.php?rest_route=%2Fwp%2Fv2%2Fcomments&post=12109"}],"version-history":[{"count":1,"href":"http:\/\/wgphoto.pl\/t\/index.php?rest_route=\/wp\/v2\/posts\/12109\/revisions"}],"predecessor-version":[{"id":12111,"href":"http:\/\/wgphoto.pl\/t\/index.php?rest_route=\/wp\/v2\/posts\/12109\/revisions\/12111"}],"wp:featuredmedia":[{"embeddable":true,"href":"http:\/\/wgphoto.pl\/t\/index.php?rest_route=\/wp\/v2\/media\/12110"}],"wp:attachment":[{"href":"http:\/\/wgphoto.pl\/t\/index.php?rest_route=%2Fwp%2Fv2%2Fmedia&parent=12109"}],"wp:term":[{"taxonomy":"category","embeddable":true,"href":"http:\/\/wgphoto.pl\/t\/index.php?rest_route=%2Fwp%2Fv2%2Fcategories&post=12109"},{"taxonomy":"post_tag","embeddable":true,"href":"http:\/\/wgphoto.pl\/t\/index.php?rest_route=%2Fwp%2Fv2%2Ftags&post=12109"}],"curies":[{"name":"wp","href":"https:\/\/api.w.org\/{rel}","templated":true}]}}