{"id":12115,"date":"2025-02-14T17:12:32","date_gmt":"2025-02-14T16:12:32","guid":{"rendered":"https:\/\/wgphoto.pl\/t\/?p=12115"},"modified":"2025-02-14T17:12:32","modified_gmt":"2025-02-14T16:12:32","slug":"zima-na-kolei","status":"publish","type":"post","link":"http:\/\/wgphoto.pl\/t\/?p=12115","title":{"rendered":"Zima na kolei"},"content":{"rendered":"\n<figure class=\"wp-block-image aligncenter size-full\"><img loading=\"lazy\" decoding=\"async\" width=\"899\" height=\"600\" src=\"https:\/\/wgphoto.pl\/t\/wp-content\/uploads\/2025\/02\/0902-27.jpg\" alt=\"\" class=\"wp-image-12116\" srcset=\"http:\/\/wgphoto.pl\/t\/wp-content\/uploads\/2025\/02\/0902-27.jpg 899w, http:\/\/wgphoto.pl\/t\/wp-content\/uploads\/2025\/02\/0902-27-300x200.jpg 300w, http:\/\/wgphoto.pl\/t\/wp-content\/uploads\/2025\/02\/0902-27-768x513.jpg 768w\" sizes=\"auto, (max-width: 899px) 100vw, 899px\" \/><\/figure>\n\n\n\n<div class=\"wp-block-group has-global-padding is-layout-constrained wp-block-group-is-layout-constrained\">\n<p>163 062-3 z poci\u0105giem osobowym 5025 rel. Pardubice hl.n. &#8211; \u010cesk\u00e1 T\u0159ebov\u00e1 zatrzymuje si\u0119 na trzecim torze przy &#8222;praskim peronie&#8221; na stacji \u00dast\u00ed nad Orlic\u00ed. Po przeciwnej stronie budynku stacyjnego znajduje si\u0119 &#8222;peron letohradzki&#8221;. 16.02.2009<\/p>\n<\/div>\n","protected":false},"excerpt":{"rendered":"<p>163 062-3 z poci\u0105giem osobowym 5025 rel. Pardubice hl.n. &#8211; \u010cesk\u00e1 T\u0159ebov\u00e1 zatrzymuje si\u0119 na trzecim torze przy &#8222;praskim peronie&#8221; na stacji \u00dast\u00ed nad Orlic\u00ed. Po przeciwnej stronie budynku stacyjnego znajduje si\u0119 &#8222;peron letohradzki&#8221;. 16.02.2009<\/p>\n","protected":false},"author":1,"featured_media":12116,"comment_status":"open","ping_status":"","sticky":false,"template":"","format":"standard","meta":{"footnotes":""},"categories":[62,2,169],"tags":[1401,1497,50,49,313,44,1375,87],"class_list":["post-12115","post","type-post","status-publish","format-standard","has-post-thumbnail","hentry","category-analog","category-kolej","category-rok-2009","tag-1401","tag-2009-02-16","tag-cd","tag-czechy","tag-dyzurny","tag-snieg","tag-tab-cz010","tag-usti-nad-orlici"],"_links":{"self":[{"href":"http:\/\/wgphoto.pl\/t\/index.php?rest_route=\/wp\/v2\/posts\/12115","targetHints":{"allow":["GET"]}}],"collection":[{"href":"http:\/\/wgphoto.pl\/t\/index.php?rest_route=\/wp\/v2\/posts"}],"about":[{"href":"http:\/\/wgphoto.pl\/t\/index.php?rest_route=\/wp\/v2\/types\/post"}],"author":[{"embeddable":true,"href":"http:\/\/wgphoto.pl\/t\/index.php?rest_route=\/wp\/v2\/users\/1"}],"replies":[{"embeddable":true,"href":"http:\/\/wgphoto.pl\/t\/index.php?rest_route=%2Fwp%2Fv2%2Fcomments&post=12115"}],"version-history":[{"count":1,"href":"http:\/\/wgphoto.pl\/t\/index.php?rest_route=\/wp\/v2\/posts\/12115\/revisions"}],"predecessor-version":[{"id":12117,"href":"http:\/\/wgphoto.pl\/t\/index.php?rest_route=\/wp\/v2\/posts\/12115\/revisions\/12117"}],"wp:featuredmedia":[{"embeddable":true,"href":"http:\/\/wgphoto.pl\/t\/index.php?rest_route=\/wp\/v2\/media\/12116"}],"wp:attachment":[{"href":"http:\/\/wgphoto.pl\/t\/index.php?rest_route=%2Fwp%2Fv2%2Fmedia&parent=12115"}],"wp:term":[{"taxonomy":"category","embeddable":true,"href":"http:\/\/wgphoto.pl\/t\/index.php?rest_route=%2Fwp%2Fv2%2Fcategories&post=12115"},{"taxonomy":"post_tag","embeddable":true,"href":"http:\/\/wgphoto.pl\/t\/index.php?rest_route=%2Fwp%2Fv2%2Ftags&post=12115"}],"curies":[{"name":"wp","href":"https:\/\/api.w.org\/{rel}","templated":true}]}}