{"id":12118,"date":"2025-02-14T17:13:49","date_gmt":"2025-02-14T16:13:49","guid":{"rendered":"https:\/\/wgphoto.pl\/t\/?p=12118"},"modified":"2025-02-14T17:13:49","modified_gmt":"2025-02-14T16:13:49","slug":"zima-w-ostruznej","status":"publish","type":"post","link":"http:\/\/wgphoto.pl\/t\/?p=12118","title":{"rendered":"Zima w Ostru\u017enej"},"content":{"rendered":"\n<figure class=\"wp-block-image aligncenter size-full\"><img loading=\"lazy\" decoding=\"async\" width=\"1200\" height=\"803\" src=\"https:\/\/wgphoto.pl\/t\/wp-content\/uploads\/2025\/02\/imgp1890.jpg\" alt=\"\" class=\"wp-image-12119\" srcset=\"http:\/\/wgphoto.pl\/t\/wp-content\/uploads\/2025\/02\/imgp1890.jpg 1200w, http:\/\/wgphoto.pl\/t\/wp-content\/uploads\/2025\/02\/imgp1890-300x201.jpg 300w, http:\/\/wgphoto.pl\/t\/wp-content\/uploads\/2025\/02\/imgp1890-768x514.jpg 768w\" sizes=\"auto, (max-width: 1200px) 100vw, 1200px\" \/><\/figure>\n\n\n\n<div class=\"wp-block-group has-global-padding is-layout-constrained wp-block-group-is-layout-constrained\">\n<p>Sk\u0142ad poci\u0105gu przyspieszonego 1803 do Opola z 749.265 oczekuje pory odjazdu ze stacji Ostru\u017en\u00e1. \u0141ykendowe kursy tej relacji w rozk\u0142adzie jazdy 2010\/2011 ju\u017c si\u0119 nie pojawi\u0142y. 14.02.2010<\/p>\n<\/div>\n","protected":false},"excerpt":{"rendered":"<p>Sk\u0142ad poci\u0105gu przyspieszonego 1803 do Opola z 749.265 oczekuje pory odjazdu ze stacji Ostru\u017en\u00e1. \u0141ykendowe kursy tej relacji w rozk\u0142adzie jazdy 2010\/2011 ju\u017c si\u0119 nie pojawi\u0142y. 14.02.2010<\/p>\n","protected":false},"author":1,"featured_media":12119,"comment_status":"open","ping_status":"","sticky":false,"template":"","format":"standard","meta":{"footnotes":""},"categories":[2,86],"tags":[913,1058,50,49,911,44,167],"class_list":["post-12118","post","type-post","status-publish","format-standard","has-post-thumbnail","hentry","category-kolej","category-rok-2010","tag-2010-02-14","tag-1058","tag-cd","tag-czechy","tag-ostruzna","tag-snieg","tag-tab-cz292"],"_links":{"self":[{"href":"http:\/\/wgphoto.pl\/t\/index.php?rest_route=\/wp\/v2\/posts\/12118","targetHints":{"allow":["GET"]}}],"collection":[{"href":"http:\/\/wgphoto.pl\/t\/index.php?rest_route=\/wp\/v2\/posts"}],"about":[{"href":"http:\/\/wgphoto.pl\/t\/index.php?rest_route=\/wp\/v2\/types\/post"}],"author":[{"embeddable":true,"href":"http:\/\/wgphoto.pl\/t\/index.php?rest_route=\/wp\/v2\/users\/1"}],"replies":[{"embeddable":true,"href":"http:\/\/wgphoto.pl\/t\/index.php?rest_route=%2Fwp%2Fv2%2Fcomments&post=12118"}],"version-history":[{"count":1,"href":"http:\/\/wgphoto.pl\/t\/index.php?rest_route=\/wp\/v2\/posts\/12118\/revisions"}],"predecessor-version":[{"id":12120,"href":"http:\/\/wgphoto.pl\/t\/index.php?rest_route=\/wp\/v2\/posts\/12118\/revisions\/12120"}],"wp:featuredmedia":[{"embeddable":true,"href":"http:\/\/wgphoto.pl\/t\/index.php?rest_route=\/wp\/v2\/media\/12119"}],"wp:attachment":[{"href":"http:\/\/wgphoto.pl\/t\/index.php?rest_route=%2Fwp%2Fv2%2Fmedia&parent=12118"}],"wp:term":[{"taxonomy":"category","embeddable":true,"href":"http:\/\/wgphoto.pl\/t\/index.php?rest_route=%2Fwp%2Fv2%2Fcategories&post=12118"},{"taxonomy":"post_tag","embeddable":true,"href":"http:\/\/wgphoto.pl\/t\/index.php?rest_route=%2Fwp%2Fv2%2Ftags&post=12118"}],"curies":[{"name":"wp","href":"https:\/\/api.w.org\/{rel}","templated":true}]}}