{"id":12182,"date":"2025-02-14T17:42:47","date_gmt":"2025-02-14T16:42:47","guid":{"rendered":"https:\/\/wgphoto.pl\/t\/?p=12182"},"modified":"2025-02-14T17:46:41","modified_gmt":"2025-02-14T16:46:41","slug":"sachsentram-hermelijn-nr-6336-2","status":"publish","type":"post","link":"http:\/\/wgphoto.pl\/t\/?p=12182","title":{"rendered":"SachsenTram HermeLijn nr 6336"},"content":{"rendered":"\n<figure class=\"wp-block-image aligncenter size-full\"><img loading=\"lazy\" decoding=\"async\" width=\"600\" height=\"896\" src=\"https:\/\/wgphoto.pl\/t\/wp-content\/uploads\/2025\/02\/imgp3523aa.jpg\" alt=\"\" class=\"wp-image-12183\" srcset=\"http:\/\/wgphoto.pl\/t\/wp-content\/uploads\/2025\/02\/imgp3523aa.jpg 600w, http:\/\/wgphoto.pl\/t\/wp-content\/uploads\/2025\/02\/imgp3523aa-201x300.jpg 201w\" sizes=\"auto, (max-width: 600px) 100vw, 600px\" \/><\/figure>\n\n\n\n<div class=\"wp-block-group has-global-padding is-layout-constrained wp-block-group-is-layout-constrained\">\n<p>Gandawa, Limburgstraat. \u015ar\u00f3dmiejski kraniec wschodniej cz\u0119\u015bci trasy linii 4. Wagon 6336 za par\u0119 chwil odjedzie spod Katedry \u015bw. Bawona w sw\u00f3j ostatni tego dnia kurs. Niestety pada\u0142o\u2026 17.05.2012<\/p>\n<\/div>\n","protected":false},"excerpt":{"rendered":"<p>Gandawa, Limburgstraat. \u015ar\u00f3dmiejski kraniec wschodniej cz\u0119\u015bci trasy linii 4. Wagon 6336 za par\u0119 chwil odjedzie spod Katedry \u015bw. Bawona w sw\u00f3j ostatni tego dnia kurs. Niestety pada\u0142o\u2026 17.05.2012<\/p>\n","protected":false},"author":1,"featured_media":12183,"comment_status":"open","ping_status":"","sticky":false,"template":"","format":"standard","meta":{"footnotes":""},"categories":[128,86,3],"tags":[3193,34,695,1415,239,13,1218,173,154,853],"class_list":["post-12182","post","type-post","status-publish","format-standard","has-post-thumbnail","hentry","category-pionowe","category-rok-2010","category-tramwaj","tag-2012-05-17","tag-architektura","tag-belgia","tag-de-lijn","tag-deptak","tag-deszcz","tag-gandawa","tag-koncowki","tag-noc","tag-sachsen-tram"],"_links":{"self":[{"href":"http:\/\/wgphoto.pl\/t\/index.php?rest_route=\/wp\/v2\/posts\/12182","targetHints":{"allow":["GET"]}}],"collection":[{"href":"http:\/\/wgphoto.pl\/t\/index.php?rest_route=\/wp\/v2\/posts"}],"about":[{"href":"http:\/\/wgphoto.pl\/t\/index.php?rest_route=\/wp\/v2\/types\/post"}],"author":[{"embeddable":true,"href":"http:\/\/wgphoto.pl\/t\/index.php?rest_route=\/wp\/v2\/users\/1"}],"replies":[{"embeddable":true,"href":"http:\/\/wgphoto.pl\/t\/index.php?rest_route=%2Fwp%2Fv2%2Fcomments&post=12182"}],"version-history":[{"count":1,"href":"http:\/\/wgphoto.pl\/t\/index.php?rest_route=\/wp\/v2\/posts\/12182\/revisions"}],"predecessor-version":[{"id":12184,"href":"http:\/\/wgphoto.pl\/t\/index.php?rest_route=\/wp\/v2\/posts\/12182\/revisions\/12184"}],"wp:featuredmedia":[{"embeddable":true,"href":"http:\/\/wgphoto.pl\/t\/index.php?rest_route=\/wp\/v2\/media\/12183"}],"wp:attachment":[{"href":"http:\/\/wgphoto.pl\/t\/index.php?rest_route=%2Fwp%2Fv2%2Fmedia&parent=12182"}],"wp:term":[{"taxonomy":"category","embeddable":true,"href":"http:\/\/wgphoto.pl\/t\/index.php?rest_route=%2Fwp%2Fv2%2Fcategories&post=12182"},{"taxonomy":"post_tag","embeddable":true,"href":"http:\/\/wgphoto.pl\/t\/index.php?rest_route=%2Fwp%2Fv2%2Ftags&post=12182"}],"curies":[{"name":"wp","href":"https:\/\/api.w.org\/{rel}","templated":true}]}}