{"id":12185,"date":"2025-02-14T17:43:48","date_gmt":"2025-02-14T16:43:48","guid":{"rendered":"https:\/\/wgphoto.pl\/t\/?p=12185"},"modified":"2025-02-14T17:46:26","modified_gmt":"2025-02-14T16:46:26","slug":"sachsentram-hermelijn-nr-6341","status":"publish","type":"post","link":"http:\/\/wgphoto.pl\/t\/?p=12185","title":{"rendered":"SachsenTram HermeLijn nr 6341"},"content":{"rendered":"\n<figure class=\"wp-block-image aligncenter size-full\"><img loading=\"lazy\" decoding=\"async\" width=\"1200\" height=\"800\" src=\"https:\/\/wgphoto.pl\/t\/wp-content\/uploads\/2025\/02\/imgp3509-10.jpg\" alt=\"\" class=\"wp-image-12186\" srcset=\"http:\/\/wgphoto.pl\/t\/wp-content\/uploads\/2025\/02\/imgp3509-10.jpg 1200w, http:\/\/wgphoto.pl\/t\/wp-content\/uploads\/2025\/02\/imgp3509-10-300x200.jpg 300w, http:\/\/wgphoto.pl\/t\/wp-content\/uploads\/2025\/02\/imgp3509-10-768x512.jpg 768w\" sizes=\"auto, (max-width: 1200px) 100vw, 1200px\" \/><\/figure>\n\n\n\n<div class=\"wp-block-group has-global-padding is-layout-constrained wp-block-group-is-layout-constrained\">\n<p>Gandawa nale\u017cy do grona miast, kt\u00f3re nie usun\u0119\u0142y komunikacji tramwajowej z rynku. Podczas mojej wizyty tramwaje jednak nie dociera\u0142y w to jedno z najciekawszych miejsc tutejszej sieci z powodu remontu tor\u00f3w. Linie 1 i 4 zosta\u0142y wi\u0119c podzielone, ka\u017cda na dwie trasy wybiegaj\u0105ce z centrum, a brakuj\u0105cy odcinek nale\u017ca\u0142o przej\u015b\u0107 pieszo. Taka organizacja ruchu by\u0142a \u0142atwa do wdro\u017cenia z powodu istnienia licznych przej\u015b\u0107 mi\u0119dzytorowych oraz posiadania wy\u0142\u0105cznie wagon\u00f3w dwukierunkowych. Wagon 6341 obs\u0142uguj\u0105cy zachodni\u0105 cz\u0119\u015b\u0107 linii 4 oczekuje pory odjazdu z pocz\u0105tkowego przystanku na Lange Steenstraat. Aby kontynuowa\u0107 podr\u00f3\u017c nale\u017ca\u0142o pokona\u0107 pieszo odleg\u0142o\u015b\u0107 trzech przystank\u00f3w st\u0105d pod Katedr\u0119. 16.05.2012<\/p>\n<\/div>\n","protected":false},"excerpt":{"rendered":"<p>Gandawa nale\u017cy do grona miast, kt\u00f3re nie usun\u0119\u0142y komunikacji tramwajowej z rynku. Podczas mojej wizyty tramwaje jednak nie dociera\u0142y w to jedno z najciekawszych miejsc tutejszej sieci z powodu remontu tor\u00f3w. Linie 1 i 4 zosta\u0142y wi\u0119c podzielone, ka\u017cda na dwie trasy wybiegaj\u0105ce z centrum, a brakuj\u0105cy odcinek nale\u017ca\u0142o przej\u015b\u0107 pieszo. Taka organizacja ruchu by\u0142a [&hellip;]<\/p>\n","protected":false},"author":1,"featured_media":12186,"comment_status":"open","ping_status":"","sticky":false,"template":"","format":"standard","meta":{"footnotes":""},"categories":[86,3],"tags":[815,695,1415,1218,173,154,853],"class_list":["post-12185","post","type-post","status-publish","format-standard","has-post-thumbnail","hentry","category-rok-2010","category-tramwaj","tag-2010-05-16","tag-belgia","tag-de-lijn","tag-gandawa","tag-koncowki","tag-noc","tag-sachsen-tram"],"_links":{"self":[{"href":"http:\/\/wgphoto.pl\/t\/index.php?rest_route=\/wp\/v2\/posts\/12185","targetHints":{"allow":["GET"]}}],"collection":[{"href":"http:\/\/wgphoto.pl\/t\/index.php?rest_route=\/wp\/v2\/posts"}],"about":[{"href":"http:\/\/wgphoto.pl\/t\/index.php?rest_route=\/wp\/v2\/types\/post"}],"author":[{"embeddable":true,"href":"http:\/\/wgphoto.pl\/t\/index.php?rest_route=\/wp\/v2\/users\/1"}],"replies":[{"embeddable":true,"href":"http:\/\/wgphoto.pl\/t\/index.php?rest_route=%2Fwp%2Fv2%2Fcomments&post=12185"}],"version-history":[{"count":1,"href":"http:\/\/wgphoto.pl\/t\/index.php?rest_route=\/wp\/v2\/posts\/12185\/revisions"}],"predecessor-version":[{"id":12187,"href":"http:\/\/wgphoto.pl\/t\/index.php?rest_route=\/wp\/v2\/posts\/12185\/revisions\/12187"}],"wp:featuredmedia":[{"embeddable":true,"href":"http:\/\/wgphoto.pl\/t\/index.php?rest_route=\/wp\/v2\/media\/12186"}],"wp:attachment":[{"href":"http:\/\/wgphoto.pl\/t\/index.php?rest_route=%2Fwp%2Fv2%2Fmedia&parent=12185"}],"wp:term":[{"taxonomy":"category","embeddable":true,"href":"http:\/\/wgphoto.pl\/t\/index.php?rest_route=%2Fwp%2Fv2%2Fcategories&post=12185"},{"taxonomy":"post_tag","embeddable":true,"href":"http:\/\/wgphoto.pl\/t\/index.php?rest_route=%2Fwp%2Fv2%2Ftags&post=12185"}],"curies":[{"name":"wp","href":"https:\/\/api.w.org\/{rel}","templated":true}]}}