{"id":12247,"date":"2025-02-14T21:45:47","date_gmt":"2025-02-14T20:45:47","guid":{"rendered":"https:\/\/wgphoto.pl\/t\/?p=12247"},"modified":"2025-02-14T21:45:47","modified_gmt":"2025-02-14T20:45:47","slug":"czlowiek-pragnie-piekna","status":"publish","type":"post","link":"http:\/\/wgphoto.pl\/t\/?p=12247","title":{"rendered":"Cz\u0142owiek pragnie pi\u0119kna"},"content":{"rendered":"\n<figure class=\"wp-block-image aligncenter size-full\"><img loading=\"lazy\" decoding=\"async\" width=\"1300\" height=\"870\" src=\"https:\/\/wgphoto.pl\/t\/wp-content\/uploads\/2025\/02\/imgp3356.jpg\" alt=\"\" class=\"wp-image-12248\" srcset=\"http:\/\/wgphoto.pl\/t\/wp-content\/uploads\/2025\/02\/imgp3356.jpg 1300w, http:\/\/wgphoto.pl\/t\/wp-content\/uploads\/2025\/02\/imgp3356-300x201.jpg 300w, http:\/\/wgphoto.pl\/t\/wp-content\/uploads\/2025\/02\/imgp3356-768x514.jpg 768w\" sizes=\"auto, (max-width: 1300px) 100vw, 1300px\" \/><\/figure>\n\n\n\n<div class=\"wp-block-group has-global-padding is-layout-constrained wp-block-group-is-layout-constrained\">\n<p>Belgrad, skrzy\u017cowanie Bulwaru Milankovi\u0107a z ulic\u0105 Antyfaszystowskiej Walki. Zestaw 2xKT4YU (gdzie YU oznacza kraj wiadomy) 216+299, posiadaj\u0105cy gustowne reklamowe wdzianko, zosta\u0142 uwieczniony na tle pere\u0142 jugos\u0142owia\u0144skiej architektury. 2011-08-22<\/p>\n<\/div>\n","protected":false},"excerpt":{"rendered":"<p>Belgrad, skrzy\u017cowanie Bulwaru Milankovi\u0107a z ulic\u0105 Antyfaszystowskiej Walki. Zestaw 2xKT4YU (gdzie YU oznacza kraj wiadomy) 216+299, posiadaj\u0105cy gustowne reklamowe wdzianko, zosta\u0142 uwieczniony na tle pere\u0142 jugos\u0142owia\u0144skiej architektury. 2011-08-22<\/p>\n","protected":false},"author":1,"featured_media":12248,"comment_status":"open","ping_status":"","sticky":false,"template":"","format":"standard","meta":{"footnotes":""},"categories":[77,3],"tags":[444,34,443,2968,143,442,33],"class_list":["post-12247","post","type-post","status-publish","format-standard","has-post-thumbnail","hentry","category-rok-2011","category-tramwaj","tag-2011-08-22","tag-architektura","tag-belgrad","tag-gsp-beograd","tag-ponad-30m","tag-serbia","tag-tatra-kt4"],"_links":{"self":[{"href":"http:\/\/wgphoto.pl\/t\/index.php?rest_route=\/wp\/v2\/posts\/12247","targetHints":{"allow":["GET"]}}],"collection":[{"href":"http:\/\/wgphoto.pl\/t\/index.php?rest_route=\/wp\/v2\/posts"}],"about":[{"href":"http:\/\/wgphoto.pl\/t\/index.php?rest_route=\/wp\/v2\/types\/post"}],"author":[{"embeddable":true,"href":"http:\/\/wgphoto.pl\/t\/index.php?rest_route=\/wp\/v2\/users\/1"}],"replies":[{"embeddable":true,"href":"http:\/\/wgphoto.pl\/t\/index.php?rest_route=%2Fwp%2Fv2%2Fcomments&post=12247"}],"version-history":[{"count":1,"href":"http:\/\/wgphoto.pl\/t\/index.php?rest_route=\/wp\/v2\/posts\/12247\/revisions"}],"predecessor-version":[{"id":12249,"href":"http:\/\/wgphoto.pl\/t\/index.php?rest_route=\/wp\/v2\/posts\/12247\/revisions\/12249"}],"wp:featuredmedia":[{"embeddable":true,"href":"http:\/\/wgphoto.pl\/t\/index.php?rest_route=\/wp\/v2\/media\/12248"}],"wp:attachment":[{"href":"http:\/\/wgphoto.pl\/t\/index.php?rest_route=%2Fwp%2Fv2%2Fmedia&parent=12247"}],"wp:term":[{"taxonomy":"category","embeddable":true,"href":"http:\/\/wgphoto.pl\/t\/index.php?rest_route=%2Fwp%2Fv2%2Fcategories&post=12247"},{"taxonomy":"post_tag","embeddable":true,"href":"http:\/\/wgphoto.pl\/t\/index.php?rest_route=%2Fwp%2Fv2%2Ftags&post=12247"}],"curies":[{"name":"wp","href":"https:\/\/api.w.org\/{rel}","templated":true}]}}