{"id":12250,"date":"2025-02-14T21:46:54","date_gmt":"2025-02-14T20:46:54","guid":{"rendered":"https:\/\/wgphoto.pl\/t\/?p=12250"},"modified":"2025-02-14T21:46:54","modified_gmt":"2025-02-14T20:46:54","slug":"skoda-pod-palmami","status":"publish","type":"post","link":"http:\/\/wgphoto.pl\/t\/?p=12250","title":{"rendered":"\u0160koda pod palmami"},"content":{"rendered":"\n<figure class=\"wp-block-image aligncenter size-full\"><img loading=\"lazy\" decoding=\"async\" width=\"1000\" height=\"667\" src=\"https:\/\/wgphoto.pl\/t\/wp-content\/uploads\/2025\/02\/imgp7185.jpg\" alt=\"\" class=\"wp-image-12251\" srcset=\"http:\/\/wgphoto.pl\/t\/wp-content\/uploads\/2025\/02\/imgp7185.jpg 1000w, http:\/\/wgphoto.pl\/t\/wp-content\/uploads\/2025\/02\/imgp7185-300x200.jpg 300w, http:\/\/wgphoto.pl\/t\/wp-content\/uploads\/2025\/02\/imgp7185-768x512.jpg 768w\" sizes=\"auto, (max-width: 1000px) 100vw, 1000px\" \/><\/figure>\n\n\n\n<div class=\"wp-block-group has-global-padding is-layout-constrained wp-block-group-is-layout-constrained\">\n<p>Protoplasta wroc\u0142awskich tramwaj\u00f3w plus, dwukierunkowy wagon 06T CA06, odjezd\u017ca z przystanku i jednocze\u015bnie mijanki Mercalli. Za takie foto, a konkretniej chyba za opieranie si\u0119 o widoczn\u0105 barier\u0119 energoch\u0142onn\u0105 w oczekiwaniu na tramwaj, mo\u017cna sobie zafundowa\u0107 pogadank\u0119 z funkcjonariuszami Carabinieri. 22.03.2012<\/p>\n<\/div>\n","protected":false},"excerpt":{"rendered":"<p>Protoplasta wroc\u0142awskich tramwaj\u00f3w plus, dwukierunkowy wagon 06T CA06, odjezd\u017ca z przystanku i jednocze\u015bnie mijanki Mercalli. Za takie foto, a konkretniej chyba za opieranie si\u0119 o widoczn\u0105 barier\u0119 energoch\u0142onn\u0105 w oczekiwaniu na tramwaj, mo\u017cna sobie zafundowa\u0107 pogadank\u0119 z funkcjonariuszami Carabinieri. 22.03.2012<\/p>\n","protected":false},"author":1,"featured_media":12251,"comment_status":"open","ping_status":"","sticky":false,"template":"","format":"standard","meta":{"footnotes":""},"categories":[46,3],"tags":[2647,2648,1693,114,1691,3195,216,110],"class_list":["post-12250","post","type-post","status-publish","format-standard","has-post-thumbnail","hentry","category-rok-2012","category-tramwaj","tag-2012-03-22","tag-cagliari","tag-fds-cagliari","tag-gory","tag-sardynia","tag-skoda-06t","tag-skoda-elektra","tag-wlochy"],"_links":{"self":[{"href":"http:\/\/wgphoto.pl\/t\/index.php?rest_route=\/wp\/v2\/posts\/12250","targetHints":{"allow":["GET"]}}],"collection":[{"href":"http:\/\/wgphoto.pl\/t\/index.php?rest_route=\/wp\/v2\/posts"}],"about":[{"href":"http:\/\/wgphoto.pl\/t\/index.php?rest_route=\/wp\/v2\/types\/post"}],"author":[{"embeddable":true,"href":"http:\/\/wgphoto.pl\/t\/index.php?rest_route=\/wp\/v2\/users\/1"}],"replies":[{"embeddable":true,"href":"http:\/\/wgphoto.pl\/t\/index.php?rest_route=%2Fwp%2Fv2%2Fcomments&post=12250"}],"version-history":[{"count":1,"href":"http:\/\/wgphoto.pl\/t\/index.php?rest_route=\/wp\/v2\/posts\/12250\/revisions"}],"predecessor-version":[{"id":12252,"href":"http:\/\/wgphoto.pl\/t\/index.php?rest_route=\/wp\/v2\/posts\/12250\/revisions\/12252"}],"wp:featuredmedia":[{"embeddable":true,"href":"http:\/\/wgphoto.pl\/t\/index.php?rest_route=\/wp\/v2\/media\/12251"}],"wp:attachment":[{"href":"http:\/\/wgphoto.pl\/t\/index.php?rest_route=%2Fwp%2Fv2%2Fmedia&parent=12250"}],"wp:term":[{"taxonomy":"category","embeddable":true,"href":"http:\/\/wgphoto.pl\/t\/index.php?rest_route=%2Fwp%2Fv2%2Fcategories&post=12250"},{"taxonomy":"post_tag","embeddable":true,"href":"http:\/\/wgphoto.pl\/t\/index.php?rest_route=%2Fwp%2Fv2%2Ftags&post=12250"}],"curies":[{"name":"wp","href":"https:\/\/api.w.org\/{rel}","templated":true}]}}