{"id":12253,"date":"2025-02-14T21:48:29","date_gmt":"2025-02-14T20:48:29","guid":{"rendered":"https:\/\/wgphoto.pl\/t\/?p=12253"},"modified":"2025-02-14T21:48:29","modified_gmt":"2025-02-14T20:48:29","slug":"gottardo-redentore","status":"publish","type":"post","link":"http:\/\/wgphoto.pl\/t\/?p=12253","title":{"rendered":"Gottardo &#8211; Redentore"},"content":{"rendered":"\n<figure class=\"wp-block-image aligncenter size-full\"><img loading=\"lazy\" decoding=\"async\" width=\"1200\" height=\"803\" src=\"https:\/\/wgphoto.pl\/t\/wp-content\/uploads\/2025\/02\/imgp7141.jpg\" alt=\"\" class=\"wp-image-12254\" srcset=\"http:\/\/wgphoto.pl\/t\/wp-content\/uploads\/2025\/02\/imgp7141.jpg 1200w, http:\/\/wgphoto.pl\/t\/wp-content\/uploads\/2025\/02\/imgp7141-300x201.jpg 300w, http:\/\/wgphoto.pl\/t\/wp-content\/uploads\/2025\/02\/imgp7141-768x514.jpg 768w\" sizes=\"auto, (max-width: 1200px) 100vw, 1200px\" \/><\/figure>\n\n\n\n<div class=\"wp-block-group has-global-padding is-layout-constrained wp-block-group-is-layout-constrained\">\n<p>Metrotramwaj opu\u015bci\u0142 stacje pocz\u0105tkow\u0105 &#8211; Gottardo &#8211; i zbli\u017ca si\u0119 do przystanku Redentore.<\/p>\n\n\n\n<p>Tutejszy tramwaj, zwany metrem, kursuje po 6,5-kilometrowym odcinku linii kolejowej z Cagliari do Isili. Na stacji Gottardo (kolejowo jest to przystanek w obr\u0119bie stacji Monserrato) mo\u017cna skorzysta\u0107 z dogodnej przesiadki na poci\u0105g. Kolej i tramwaj obs\u0142uguje wsp\u00f3lny przewo\u017anik &#8211; Koleje Sardy\u0144skie. 22.03.2012<\/p>\n<\/div>\n","protected":false},"excerpt":{"rendered":"<p>Metrotramwaj opu\u015bci\u0142 stacje pocz\u0105tkow\u0105 &#8211; Gottardo &#8211; i zbli\u017ca si\u0119 do przystanku Redentore. Tutejszy tramwaj, zwany metrem, kursuje po 6,5-kilometrowym odcinku linii kolejowej z Cagliari do Isili. Na stacji Gottardo (kolejowo jest to przystanek w obr\u0119bie stacji Monserrato) mo\u017cna skorzysta\u0107 z dogodnej przesiadki na poci\u0105g. Kolej i tramwaj obs\u0142uguje wsp\u00f3lny przewo\u017anik &#8211; Koleje Sardy\u0144skie. 22.03.2012<\/p>\n","protected":false},"author":1,"featured_media":12254,"comment_status":"open","ping_status":"","sticky":false,"template":"","format":"standard","meta":{"footnotes":""},"categories":[46,3],"tags":[2647,2648,1693,1691,3195,216,110],"class_list":["post-12253","post","type-post","status-publish","format-standard","has-post-thumbnail","hentry","category-rok-2012","category-tramwaj","tag-2012-03-22","tag-cagliari","tag-fds-cagliari","tag-sardynia","tag-skoda-06t","tag-skoda-elektra","tag-wlochy"],"_links":{"self":[{"href":"http:\/\/wgphoto.pl\/t\/index.php?rest_route=\/wp\/v2\/posts\/12253","targetHints":{"allow":["GET"]}}],"collection":[{"href":"http:\/\/wgphoto.pl\/t\/index.php?rest_route=\/wp\/v2\/posts"}],"about":[{"href":"http:\/\/wgphoto.pl\/t\/index.php?rest_route=\/wp\/v2\/types\/post"}],"author":[{"embeddable":true,"href":"http:\/\/wgphoto.pl\/t\/index.php?rest_route=\/wp\/v2\/users\/1"}],"replies":[{"embeddable":true,"href":"http:\/\/wgphoto.pl\/t\/index.php?rest_route=%2Fwp%2Fv2%2Fcomments&post=12253"}],"version-history":[{"count":1,"href":"http:\/\/wgphoto.pl\/t\/index.php?rest_route=\/wp\/v2\/posts\/12253\/revisions"}],"predecessor-version":[{"id":12255,"href":"http:\/\/wgphoto.pl\/t\/index.php?rest_route=\/wp\/v2\/posts\/12253\/revisions\/12255"}],"wp:featuredmedia":[{"embeddable":true,"href":"http:\/\/wgphoto.pl\/t\/index.php?rest_route=\/wp\/v2\/media\/12254"}],"wp:attachment":[{"href":"http:\/\/wgphoto.pl\/t\/index.php?rest_route=%2Fwp%2Fv2%2Fmedia&parent=12253"}],"wp:term":[{"taxonomy":"category","embeddable":true,"href":"http:\/\/wgphoto.pl\/t\/index.php?rest_route=%2Fwp%2Fv2%2Fcategories&post=12253"},{"taxonomy":"post_tag","embeddable":true,"href":"http:\/\/wgphoto.pl\/t\/index.php?rest_route=%2Fwp%2Fv2%2Ftags&post=12253"}],"curies":[{"name":"wp","href":"https:\/\/api.w.org\/{rel}","templated":true}]}}