{"id":12256,"date":"2025-02-14T21:49:24","date_gmt":"2025-02-14T20:49:24","guid":{"rendered":"https:\/\/wgphoto.pl\/t\/?p=12256"},"modified":"2025-02-14T21:49:24","modified_gmt":"2025-02-14T20:49:24","slug":"genneruxi","status":"publish","type":"post","link":"http:\/\/wgphoto.pl\/t\/?p=12256","title":{"rendered":"Genneruxi"},"content":{"rendered":"\n<figure class=\"wp-block-image aligncenter size-full\"><img loading=\"lazy\" decoding=\"async\" width=\"1200\" height=\"803\" src=\"https:\/\/wgphoto.pl\/t\/wp-content\/uploads\/2025\/02\/imgp7196-1.jpg\" alt=\"\" class=\"wp-image-12257\" srcset=\"http:\/\/wgphoto.pl\/t\/wp-content\/uploads\/2025\/02\/imgp7196-1.jpg 1200w, http:\/\/wgphoto.pl\/t\/wp-content\/uploads\/2025\/02\/imgp7196-1-300x201.jpg 300w, http:\/\/wgphoto.pl\/t\/wp-content\/uploads\/2025\/02\/imgp7196-1-768x514.jpg 768w\" sizes=\"auto, (max-width: 1200px) 100vw, 1200px\" \/><\/figure>\n\n\n\n<div class=\"wp-block-group has-global-padding is-layout-constrained wp-block-group-is-layout-constrained\">\n<p>Wagon CA03 odje\u017cd\u017ca z przystanku i mijanki Genneruxi. Nie przywioz\u0142em z Cagliari powalaj\u0105cych zdj\u0119\u0107. To jest najlepsze. 22.03.2012<\/p>\n<\/div>\n","protected":false},"excerpt":{"rendered":"<p>Wagon CA03 odje\u017cd\u017ca z przystanku i mijanki Genneruxi. Nie przywioz\u0142em z Cagliari powalaj\u0105cych zdj\u0119\u0107. To jest najlepsze. 22.03.2012<\/p>\n","protected":false},"author":1,"featured_media":12257,"comment_status":"open","ping_status":"","sticky":false,"template":"","format":"standard","meta":{"footnotes":""},"categories":[46,3],"tags":[2647,2648,1693,1691,3195,216,110],"class_list":["post-12256","post","type-post","status-publish","format-standard","has-post-thumbnail","hentry","category-rok-2012","category-tramwaj","tag-2012-03-22","tag-cagliari","tag-fds-cagliari","tag-sardynia","tag-skoda-06t","tag-skoda-elektra","tag-wlochy"],"_links":{"self":[{"href":"http:\/\/wgphoto.pl\/t\/index.php?rest_route=\/wp\/v2\/posts\/12256","targetHints":{"allow":["GET"]}}],"collection":[{"href":"http:\/\/wgphoto.pl\/t\/index.php?rest_route=\/wp\/v2\/posts"}],"about":[{"href":"http:\/\/wgphoto.pl\/t\/index.php?rest_route=\/wp\/v2\/types\/post"}],"author":[{"embeddable":true,"href":"http:\/\/wgphoto.pl\/t\/index.php?rest_route=\/wp\/v2\/users\/1"}],"replies":[{"embeddable":true,"href":"http:\/\/wgphoto.pl\/t\/index.php?rest_route=%2Fwp%2Fv2%2Fcomments&post=12256"}],"version-history":[{"count":1,"href":"http:\/\/wgphoto.pl\/t\/index.php?rest_route=\/wp\/v2\/posts\/12256\/revisions"}],"predecessor-version":[{"id":12258,"href":"http:\/\/wgphoto.pl\/t\/index.php?rest_route=\/wp\/v2\/posts\/12256\/revisions\/12258"}],"wp:featuredmedia":[{"embeddable":true,"href":"http:\/\/wgphoto.pl\/t\/index.php?rest_route=\/wp\/v2\/media\/12257"}],"wp:attachment":[{"href":"http:\/\/wgphoto.pl\/t\/index.php?rest_route=%2Fwp%2Fv2%2Fmedia&parent=12256"}],"wp:term":[{"taxonomy":"category","embeddable":true,"href":"http:\/\/wgphoto.pl\/t\/index.php?rest_route=%2Fwp%2Fv2%2Fcategories&post=12256"},{"taxonomy":"post_tag","embeddable":true,"href":"http:\/\/wgphoto.pl\/t\/index.php?rest_route=%2Fwp%2Fv2%2Ftags&post=12256"}],"curies":[{"name":"wp","href":"https:\/\/api.w.org\/{rel}","templated":true}]}}